{"id":15512,"date":"2016-01-15T20:25:14","date_gmt":"2016-01-15T20:25:14","guid":{"rendered":"http:\/\/pipocadepimenta.com\/?p=15512"},"modified":"2016-01-15T21:36:48","modified_gmt":"2016-01-15T21:36:48","slug":"episodio-viii-de-star-wars-sera-mais-sombrio","status":"publish","type":"post","link":"https:\/\/www.cinemaup.com.br\/en\/episodio-viii-de-star-wars-sera-mais-sombrio\/","title":{"rendered":"Epis\u00f3dio VIII de \u2018Star Wars\u2019 ser\u00e1 mais sombrio"},"content":{"rendered":"<p><img fetchpriority=\"high\" decoding=\"async\" class=\"aligncenter wp-image-15533\" src=\"http:\/\/pipocadepimenta.com\/wp-content\/uploads\/2016\/01\/wX4acch.jpg\" alt=\"wX4acch\" width=\"1200\" height=\"675\" srcset=\"https:\/\/www.cinemaup.com.br\/wp-content\/uploads\/2016\/01\/wX4acch.jpg 1536w, https:\/\/www.cinemaup.com.br\/wp-content\/uploads\/2016\/01\/wX4acch-1024x576.jpg 1024w\" sizes=\"(max-width: 1200px) 100vw, 1200px\" \/><\/p>\n<div style=\"text-align: justify;\">\n<div style=\"height: 20px;\"><\/div>\n<p>Voc\u00ea j\u00e1 colaborou com \u2018O Despertar da For\u00e7a\u2019, tipo assim, literalmente? Se voc\u00ea ainda n\u00e3o foi ao cinema, \u00e9 melhor ver o filme antes de ler essa not\u00edcia!<\/p>\n<div style=\"height: 20px;\"><\/div>\n<p>Pois bem, em entrevista para revista Vogue, um dos protagonistas do maior sucesso de bilheteria de 2015 (e talvez de todos os tempos), John Boyega, o interprete de Finn, confirmou que o papel do personagem ficar\u00e1 ainda mais sombrio na nova trilogia prometida pela Disney.<\/p>\n<div style=\"height: 20px;\"><\/div>\n<p>Previsto para estrear em maio de 2017, Boyega afirmou que o Epis\u00f3dio VIII, vai trilhar um caminho mais parecido com a trilogia original, dando a entender que a principal refer\u00eancia ser\u00e1 \u2018O Imp\u00e9rio Contra Ataca\u2019. \u00c9 sempre importante lembrar que, com a morte de Han Solo, depois da revela\u00e7\u00e3o envolvendo Kylo Ren e o treinamento de Rey com Luke, \u00e9 imposs\u00edvel n\u00e3o fazer a analogia com a hist\u00f3ria criada e dirigida por George Lucas. Assim, \u00e9 muito mais f\u00e1cil apontar para um futuro sombrio do que acreditar em algo mais \u2018leve\u2019.<\/p>\n<\/div>","protected":false},"excerpt":{"rendered":"<p>Voc\u00ea achou \u2018O Despertar da For\u00e7a\u2019 muito Disney? Ent\u00e3o prepare-se, pois o novo filme ser\u00e1 sombrio, prometeu Boyega.<\/p>","protected":false},"author":7,"featured_media":15532,"comment_status":"open","ping_status":"open","sticky":false,"template":"","format":"standard","meta":{"_exactmetrics_skip_tracking":false,"_exactmetrics_sitenote_active":false,"_exactmetrics_sitenote_note":"","_exactmetrics_sitenote_category":0,"footnotes":""},"categories":[1],"tags":[2670],"_links":{"self":[{"href":"https:\/\/www.cinemaup.com.br\/en\/wp-json\/wp\/v2\/posts\/15512"}],"collection":[{"href":"https:\/\/www.cinemaup.com.br\/en\/wp-json\/wp\/v2\/posts"}],"about":[{"href":"https:\/\/www.cinemaup.com.br\/en\/wp-json\/wp\/v2\/types\/post"}],"author":[{"embeddable":true,"href":"https:\/\/www.cinemaup.com.br\/en\/wp-json\/wp\/v2\/users\/7"}],"replies":[{"embeddable":true,"href":"https:\/\/www.cinemaup.com.br\/en\/wp-json\/wp\/v2\/comments?post=15512"}],"version-history":[{"count":0,"href":"https:\/\/www.cinemaup.com.br\/en\/wp-json\/wp\/v2\/posts\/15512\/revisions"}],"wp:featuredmedia":[{"embeddable":true,"href":"https:\/\/www.cinemaup.com.br\/en\/wp-json\/wp\/v2\/media\/15532"}],"wp:attachment":[{"href":"https:\/\/www.cinemaup.com.br\/en\/wp-json\/wp\/v2\/media?parent=15512"}],"wp:term":[{"taxonomy":"category","embeddable":true,"href":"https:\/\/www.cinemaup.com.br\/en\/wp-json\/wp\/v2\/categories?post=15512"},{"taxonomy":"post_tag","embeddable":true,"href":"https:\/\/www.cinemaup.com.br\/en\/wp-json\/wp\/v2\/tags?post=15512"}],"curies":[{"name":"wp","href":"https:\/\/api.w.org\/{rel}","templated":true}]}}