{"id":1697,"date":"2013-11-11T06:37:10","date_gmt":"2013-11-11T06:37:10","guid":{"rendered":"http:\/\/pipocadepimenta.com\/?p=1697"},"modified":"2016-01-13T12:10:53","modified_gmt":"2016-01-13T12:10:53","slug":"meu-passado-me-condena","status":"publish","type":"post","link":"https:\/\/www.cinemaup.com.br\/en\/meu-passado-me-condena\/","title":{"rendered":"Meu Passado Me Condena"},"content":{"rendered":"<p><img fetchpriority=\"high\" decoding=\"async\" class=\"aligncenter size-full wp-image-4821\" src=\"http:\/\/pipocadepimenta.com\/wp-content\/uploads\/2013\/11\/73-copy.png\" alt=\"73 copy\" width=\"800\" height=\"1814\" srcset=\"https:\/\/www.cinemaup.com.br\/wp-content\/uploads\/2013\/11\/73-copy.png 800w, https:\/\/www.cinemaup.com.br\/wp-content\/uploads\/2013\/11\/73-copy-452x1024.png 452w\" sizes=\"(max-width: 800px) 100vw, 800px\" \/><\/a><\/p>\n<div style=\"text-align: justify;\">\n<div style=\"height: 20px;\"><\/div>\n<p>&#8220;Meu Passado Me Condena&#8221; teve sua estreia no dia 25 de outubro de 2013, com os atores F\u00e1bio Porchat e Mi\u00e1 Mello como os protagonistas da com\u00e9dia. Atores como Marcelo Valle, Inez Viana, Juliana Didone, Alejandro Claveaux e Stepan Nercessian tamb\u00e9m est\u00e3o no filme.<!--more--> A dire\u00e7\u00e3o fica nas m\u00e3os da estreante Julia Rezende, que trabalhou em &#8220;De Pernas Pro Ar 2&#8221; como 2\u00ba assistente de dire\u00e7\u00e3o.<br \/>\nO longa \u00e9 cr\u00fa e conta com um roteiro bastante falho.<br \/>\nA cenografia \u00e9 \u00f3tima, as filmagens ocorreram no navio Costa Favolosa, que realmente partiu do Rio de Janeiro e esteve tamb\u00e9m em Ilh\u00e9us, Salvador, Recife, Macei\u00f3, Fortaleza, Casablanca (Marrocos) e Savona (It\u00e1lia).<br \/>\nA interpreta\u00e7\u00e3o de F\u00e1bio Porchat em &#8220;Meu Passado Me Condena&#8221; n\u00e3o \u00e9 diferente das que ele faz para o canal do YouTube &#8220;Porta Dos Fundos&#8221;, sempre recheadas de muito humor, por\u00e9m, embora o longa seja uma com\u00e9dia, Porchat deixou \u00e0 desejar e perdeu algumas \u00f3timas oportunidades de se mostrar um ator mais completo. Por\u00e9m o ator n\u00e3o conseguiu ser pior que Mi\u00e1 Mello. A atriz embarcou com o p\u00e9 esquerdo na produ\u00e7\u00e3o e fez um trabalho for\u00e7ado, e muito amador.<br \/>\nParis Filmes ficou com a distribui\u00e7\u00e3o do longa no Brasil e no exterior.\n<\/div>","protected":false},"excerpt":{"rendered":"<p>&#8220;Meu Passado Me Condena&#8221; teve sua estreia no dia 25 de outubro de 2013, com os atores F\u00e1bio Porchat e Mi\u00e1 Mello como os protagonistas da com\u00e9dia. Atores como Marcelo Valle, Inez Viana, Juliana Didone, Alejandro Claveaux e Stepan Nercessian tamb\u00e9m est\u00e3o no filme.<\/p>","protected":false},"author":2,"featured_media":15633,"comment_status":"open","ping_status":"open","sticky":false,"template":"","format":"standard","meta":{"_exactmetrics_skip_tracking":false,"_exactmetrics_sitenote_active":false,"_exactmetrics_sitenote_note":"","_exactmetrics_sitenote_category":0,"footnotes":""},"categories":[2415,2423],"tags":[177,179,176,178,180],"_links":{"self":[{"href":"https:\/\/www.cinemaup.com.br\/en\/wp-json\/wp\/v2\/posts\/1697"}],"collection":[{"href":"https:\/\/www.cinemaup.com.br\/en\/wp-json\/wp\/v2\/posts"}],"about":[{"href":"https:\/\/www.cinemaup.com.br\/en\/wp-json\/wp\/v2\/types\/post"}],"author":[{"embeddable":true,"href":"https:\/\/www.cinemaup.com.br\/en\/wp-json\/wp\/v2\/users\/2"}],"replies":[{"embeddable":true,"href":"https:\/\/www.cinemaup.com.br\/en\/wp-json\/wp\/v2\/comments?post=1697"}],"version-history":[{"count":0,"href":"https:\/\/www.cinemaup.com.br\/en\/wp-json\/wp\/v2\/posts\/1697\/revisions"}],"wp:featuredmedia":[{"embeddable":true,"href":"https:\/\/www.cinemaup.com.br\/en\/wp-json\/wp\/v2\/media\/15633"}],"wp:attachment":[{"href":"https:\/\/www.cinemaup.com.br\/en\/wp-json\/wp\/v2\/media?parent=1697"}],"wp:term":[{"taxonomy":"category","embeddable":true,"href":"https:\/\/www.cinemaup.com.br\/en\/wp-json\/wp\/v2\/categories?post=1697"},{"taxonomy":"post_tag","embeddable":true,"href":"https:\/\/www.cinemaup.com.br\/en\/wp-json\/wp\/v2\/tags?post=1697"}],"curies":[{"name":"wp","href":"https:\/\/api.w.org\/{rel}","templated":true}]}}