{"id":18436,"date":"2016-03-30T16:48:45","date_gmt":"2016-03-30T16:48:45","guid":{"rendered":"http:\/\/pipocadepimenta.com\/?p=18436"},"modified":"2016-03-30T16:48:45","modified_gmt":"2016-03-30T16:48:45","slug":"kristen-wiig-substituira-reese-witherspoon-em-downsizing","status":"publish","type":"post","link":"https:\/\/www.cinemaup.com.br\/en\/kristen-wiig-substituira-reese-witherspoon-em-downsizing\/","title":{"rendered":"Kristen Wiig substituir\u00e1 Reese Witherspoon em &#8216;Downsizing&#8217;"},"content":{"rendered":"<div style=\"text-align: justify;\">O novo filme do diretor Alexander Payne, &#8216;Downsizing&#8217;, contar\u00e1 a hist\u00f3ria de um homem de Omaha\u00a0que se une a uma multid\u00e3o de pessoas que est\u00e3o passando por uma experi\u00eancia de redu\u00e7\u00e3o de tamanho, possibilitando assim que eles vivam em muitas comunidades min\u00fasculas que est\u00e3o surgindo ao redor do mundo. Um fato interessante \u00e9 que &#8216;Downsizing&#8217; tamb\u00e9m \u00e9 um termo em ingl\u00eas usado para racionaliza\u00e7\u00e3o de n\u00edveis hier\u00e1rquicos.<\/p>\n<div style=\"height: 20px;\"><\/div>\n<p>O elenco contar\u00e1 com Matt Damon, Christoph Waltz, Jason Sudeikis, Neil Patrick Harris, Alec Baldwin e agora com Kristen Wiig que entrar\u00e1 no lugar de Reese Witherspoon que teve que sair da produ\u00e7\u00e3o por conta de problemas com calend\u00e1rio.<\/p>\n<div style=\"height: 20px;\"><\/div>\n<p><img fetchpriority=\"high\" decoding=\"async\" class=\"alignnone size-full wp-image-18437\" src=\"http:\/\/pipocadepimenta.com\/wp-content\/uploads\/2016\/03\/o-KRISTEN-WIIG-e1459356353567.jpg\" alt=\"ABC's &quot;Jimmy Kimmel Live&quot; - Season 11\" width=\"1200\" height=\"600\" srcset=\"https:\/\/www.cinemaup.com.br\/wp-content\/uploads\/2016\/03\/o-KRISTEN-WIIG-e1459356353567.jpg 1200w, https:\/\/www.cinemaup.com.br\/wp-content\/uploads\/2016\/03\/o-KRISTEN-WIIG-e1459356353567-1024x512.jpg 1024w\" sizes=\"(max-width: 1200px) 100vw, 1200px\" \/><\/p>\n<div style=\"height: 20px;\"><\/div>\n<p>O filme tem previs\u00e3o de ser lan\u00e7ado l\u00e1 fora em dezembro de 2017. Qualquer not\u00edcia que obtivermos, voc\u00ea saber\u00e1 aqui no Pipoca.<\/p>\n<div style=\"height: 20px;\"><\/div>\n<p><!-- Mat\u00e9rias --><br \/>\n<ins class=\"adsbygoogle\" style=\"display: inline-block; width: 728px; height: 90px;\" data-ad-client=\"ca-pub-3751046447029112\" data-ad-slot=\"5609521781\"><\/ins><br \/>\n<script>\/\/ <![CDATA[\n(adsbygoogle = window.adsbygoogle || []).push({});\n\/\/ ]]><\/script><\/p>\n<div style=\"height: 20px;\"><\/div>\n<p><script type=\"text\/javascript\">\/\/ <![CDATA[\nbb_bid = \"1707040\"; bb_lang = \"pt-BR\"; bb_name = \"custom\"; bb_limit = \"7\"; bb_format = \"bbc\";\n\/\/ ]]><\/script><br \/>\n<script src=\"http:\/\/static.boo-box.com\/javascripts\/embed.js\" type=\"text\/javascript\">\/\/ <![CDATA[\n<\/scri\n\/\/ ]]><\/script><\/p>\n<\/div>","protected":false},"excerpt":{"rendered":"<p>Novo longo de Alexander Payne ainda conta com elenco de nomes como Matt Damon e Neil Patrick Harris.<\/p>","protected":false},"author":1,"featured_media":18437,"comment_status":"open","ping_status":"open","sticky":false,"template":"","format":"standard","meta":{"_exactmetrics_skip_tracking":false,"_exactmetrics_sitenote_active":false,"_exactmetrics_sitenote_note":"","_exactmetrics_sitenote_category":0,"footnotes":""},"categories":[1],"tags":[3426,3425,3202,3427],"_links":{"self":[{"href":"https:\/\/www.cinemaup.com.br\/en\/wp-json\/wp\/v2\/posts\/18436"}],"collection":[{"href":"https:\/\/www.cinemaup.com.br\/en\/wp-json\/wp\/v2\/posts"}],"about":[{"href":"https:\/\/www.cinemaup.com.br\/en\/wp-json\/wp\/v2\/types\/post"}],"author":[{"embeddable":true,"href":"https:\/\/www.cinemaup.com.br\/en\/wp-json\/wp\/v2\/users\/1"}],"replies":[{"embeddable":true,"href":"https:\/\/www.cinemaup.com.br\/en\/wp-json\/wp\/v2\/comments?post=18436"}],"version-history":[{"count":0,"href":"https:\/\/www.cinemaup.com.br\/en\/wp-json\/wp\/v2\/posts\/18436\/revisions"}],"wp:featuredmedia":[{"embeddable":true,"href":"https:\/\/www.cinemaup.com.br\/en\/wp-json\/wp\/v2\/media\/18437"}],"wp:attachment":[{"href":"https:\/\/www.cinemaup.com.br\/en\/wp-json\/wp\/v2\/media?parent=18436"}],"wp:term":[{"taxonomy":"category","embeddable":true,"href":"https:\/\/www.cinemaup.com.br\/en\/wp-json\/wp\/v2\/categories?post=18436"},{"taxonomy":"post_tag","embeddable":true,"href":"https:\/\/www.cinemaup.com.br\/en\/wp-json\/wp\/v2\/tags?post=18436"}],"curies":[{"name":"wp","href":"https:\/\/api.w.org\/{rel}","templated":true}]}}