{"id":25067,"date":"2016-10-05T18:14:18","date_gmt":"2016-10-05T21:14:18","guid":{"rendered":"http:\/\/pipocadepimenta.com\/?p=25067"},"modified":"2017-03-20T12:13:33","modified_gmt":"2017-03-20T15:13:33","slug":"roteirista-de-kingsman-2-comenta-sobre-o-filme","status":"publish","type":"post","link":"https:\/\/www.cinemaup.com.br\/en\/roteirista-de-kingsman-2-comenta-sobre-o-filme\/","title":{"rendered":"Roteirista de &#8216;Kingsman 2&#8217; comenta sobre o filme"},"content":{"rendered":"<div style=\"text-align: justify;\">\n<p>A roteirista Jane Goldman, foi entrevistada pelo \u2018Collider\u2019 sobre \u2018O Lar das Crian\u00e7as Peculiares\u2019, por\u00e9m no meio da conversa, Jane foi questionado sobre \u2018Kingsman 2\u2019, projeto o qual ela tamb\u00e9m participou.<\/p>\n<div style=\"text-align: justify;\">\n<div style=\"height: 20px;\"><\/div>\n<p>Jane disse que est\u00e1 muito empolgada com o filme, que ele vai ser mais insano que o primeiro, ainda acrescenta que a vil\u00e3 interpretada por Julian Moore ser\u00e1 uma antagonista incr\u00edvel. Jane ainda conta que quem gostou do primeiro filme n\u00e3o vai ser decepcionar com o que est\u00e1 por vir, pois n\u00e3o buscaram por coisas mais estranhas e chocantes, o objetivo foi acrescentar frescor e surpresas as sequ\u00eancias de a\u00e7\u00e3o, lev\u00e1-las pra dire\u00e7\u00f5es inesperadas.<\/p>\n<div style=\"text-align: justify;\">\n<div style=\"height: 20px;\"><\/div>\n<p>O filme tem data de lan\u00e7amento pra Junho de 2017.<\/p>\n<\/div>\n<\/div>\n<\/div>","protected":false},"excerpt":{"rendered":"<p>A roteirista de &#8216;Kingsman 2&#8217; conta o que podemos esperar da sequ\u00eancia.<\/p>","protected":false},"author":46,"featured_media":25068,"comment_status":"open","ping_status":"open","sticky":false,"template":"","format":"standard","meta":{"_exactmetrics_skip_tracking":false,"_exactmetrics_sitenote_active":false,"_exactmetrics_sitenote_note":"","_exactmetrics_sitenote_category":0,"footnotes":""},"categories":[1],"tags":[5635,5634,882],"_links":{"self":[{"href":"https:\/\/www.cinemaup.com.br\/en\/wp-json\/wp\/v2\/posts\/25067"}],"collection":[{"href":"https:\/\/www.cinemaup.com.br\/en\/wp-json\/wp\/v2\/posts"}],"about":[{"href":"https:\/\/www.cinemaup.com.br\/en\/wp-json\/wp\/v2\/types\/post"}],"author":[{"embeddable":true,"href":"https:\/\/www.cinemaup.com.br\/en\/wp-json\/wp\/v2\/users\/46"}],"replies":[{"embeddable":true,"href":"https:\/\/www.cinemaup.com.br\/en\/wp-json\/wp\/v2\/comments?post=25067"}],"version-history":[{"count":0,"href":"https:\/\/www.cinemaup.com.br\/en\/wp-json\/wp\/v2\/posts\/25067\/revisions"}],"wp:featuredmedia":[{"embeddable":true,"href":"https:\/\/www.cinemaup.com.br\/en\/wp-json\/wp\/v2\/media\/25068"}],"wp:attachment":[{"href":"https:\/\/www.cinemaup.com.br\/en\/wp-json\/wp\/v2\/media?parent=25067"}],"wp:term":[{"taxonomy":"category","embeddable":true,"href":"https:\/\/www.cinemaup.com.br\/en\/wp-json\/wp\/v2\/categories?post=25067"},{"taxonomy":"post_tag","embeddable":true,"href":"https:\/\/www.cinemaup.com.br\/en\/wp-json\/wp\/v2\/tags?post=25067"}],"curies":[{"name":"wp","href":"https:\/\/api.w.org\/{rel}","templated":true}]}}