{"id":26100,"date":"2016-11-16T16:11:03","date_gmt":"2016-11-16T19:11:03","guid":{"rendered":"http:\/\/pipocadepimenta.com\/?p=26100"},"modified":"2017-05-05T19:16:47","modified_gmt":"2017-05-05T22:16:47","slug":"mis-recebe-o-12o-festival-de-cinema-italiano","status":"publish","type":"post","link":"https:\/\/www.cinemaup.com.br\/en\/mis-recebe-o-12o-festival-de-cinema-italiano\/","title":{"rendered":"MIS recebe o 12\u00ba Festival de Cinema Italiano"},"content":{"rendered":"<div style=\"text-align: justify;\">\n<p>A partir do dia 14 de Novembro, o Museu da Imagem e do Som (MIS) ir\u00e1 receber o 12\u00ba Festival de Cinema Italiano, que ir\u00e1 homenagear o ator italiano Marcello Mastroianni com sete de seus maiores filmes. <\/p>\n<div style=\"text-align: justify;\">\n<div style=\"height: 20px;\"><\/div>\n<p>No primeiro dia, 14, \u00e0s 19:45,  haver\u00e1 a participa\u00e7\u00e3o da cr\u00edtica italiana de cinema Cristina Colet para um bate-papo sobre a obra do ator.<\/p>\n<div style=\"text-align: justify;\">\n<div style=\"height: 20px;\"><\/div>\n<p>Al\u00e9m das exibi\u00e7\u00f5es dos filmes, o MIS tamb\u00e9m receber\u00e1 uma exposi\u00e7\u00e3o fotogr\u00e1fica, a qual retrata a carreira de Marcello Mastroianni.<\/p>\n<div style=\"text-align: justify;\">\n<div style=\"height: 20px;\"><\/div>\n<p>O evento ficar\u00e1 em cartaz at\u00e9 dia 20 de Novembro. E entre dia 24 de Novembro e 1 de Dezembro, a mostra ir\u00e1 para outros espa\u00e7os culturais de S\u00e3o Paulo, com a exibi\u00e7\u00e3o de dezesseis filmes de cineastas italianos contempor\u00e2neos. <\/p>\n<div style=\"text-align: justify;\">\n<div style=\"height: 20px;\"><\/div>\n<p>Confira a programa\u00e7\u00e3o:<\/p>\n<div style=\"text-align: justify;\">\n<div style=\"height: 20px;\"><\/div>\n<p>Segunda-feira, 14 de Novembro:<\/p>\n<div style=\"text-align: justify;\">\n<p>19:45 &#8211; Debate com a cr\u00edtica italiana Cristina Colet.<\/p>\n<div style=\"text-align: justify;\">\n<p>20:30 \u2013 \u2018Um Dia Muito Especial\u2019 (1977), de Ettore Scola.<\/p>\n<div style=\"text-align: justify;\">\n<div style=\"height: 20px;\"><\/div>\n<p>Ter\u00e7a-feira, 15 de Novembro:<\/p>\n<div style=\"text-align: justify;\">\n<p>18h \u2013 \u2018O Belo Ant\u00f4nio\u2019 (1960), Mauro Bolognini.<\/p>\n<div style=\"text-align: justify;\">\n<p>20h30- \u2018Matrim\u00f4nio \u00e0 Italiana\u2019 (1964), de Vittorio De Sica.<\/p>\n<div style=\"text-align: justify;\">\n<div style=\"height: 20px;\"><\/div>\n<p>Quarta-feira, 16 de Novembro:<\/p>\n<div style=\"text-align: justify;\">\n<p>18h &#8211; \u2018A Noite\u2019 (1961), de Michelangelo Antonioni.<\/p>\n<div style=\"text-align: justify;\">\n<p>20h30 \u2013 \u2018Um Dia Muito Especial\u2019 (1977), de Ettore Scola.<\/p>\n<div style=\"text-align: justify;\">\n<div style=\"height: 20px;\"><\/div>\n<p>Quinta-feira, 17 de Novembro:<\/p>\n<div style=\"text-align: justify;\">\n<p>18h \u2013 \u2018Os Companheiros\u2019 (1963), de Mario Monicelli.<\/p>\n<div style=\"text-align: justify;\">\n<p>20h30 \u2013 \u2018O Belo Ant\u00f4nio\u2019 (1960) de, Mauro Bolognini<\/p>\n<div style=\"text-align: justify;\">\n<div style=\"height: 20px;\"><\/div>\n<p>Sexta-feira, 18 de Novembro:<\/p>\n<div style=\"text-align: justify;\">\n<p>18h \u2013 \u2018Casanova \u00b470\u2019 (1965), de Mario Monicelli.<\/p>\n<div style=\"text-align: justify;\">\n<p>20h30 \u2013 \u2018Um Dia Muito Especial\u2019 (1977), de Ettore Scola.<\/p>\n<div style=\"text-align: justify;\">\n<div style=\"height: 20px;\"><\/div>\n<p>S\u00e1bado, 19 de Novembro:<\/p>\n<div style=\"text-align: justify;\">\n<p>18h &#8211; \u2018Allonsanf\u00e0n\u2019 (1974), de Vittorio Taviani e Paolo Taviani.<\/p>\n<div style=\"text-align: justify;\">\n<p>20h30 &#8211; Matrim\u00f4nio \u00e0 Italiana\u2019(1964), de Vittorio De Sica. <\/p>\n<div style=\"text-align: justify;\">\n<div style=\"height: 20px;\"><\/div>\n<p>Domingo, 20 de Novembro:<\/p>\n<div style=\"text-align: justify;\">\n<p>18h \u2013 \u2018Um Dia Muito Especial\u2019 (1977), de Ettore Scola.<\/p>\n<div style=\"text-align: justify;\">\n<p>20h30 \u2013 \u2018Casanova \u00b470\u2019 (1965), de Mario Monicelli.<\/p>\n<div style=\"text-align: justify;\">\n<div style=\"height: 20px;\"><\/div>\n<p>O evento \u00e9 gratuito.<\/p>","protected":false},"excerpt":{"rendered":"<p>MIS receber\u00e1 mostra que homenagear\u00e1 o ator Marcello Mastroianni.<\/p>","protected":false},"author":46,"featured_media":26101,"comment_status":"open","ping_status":"open","sticky":false,"template":"","format":"standard","meta":{"_exactmetrics_skip_tracking":false,"_exactmetrics_sitenote_active":false,"_exactmetrics_sitenote_note":"","_exactmetrics_sitenote_category":0,"footnotes":""},"categories":[1,9067],"tags":[5932,432,5931,882],"_links":{"self":[{"href":"https:\/\/www.cinemaup.com.br\/en\/wp-json\/wp\/v2\/posts\/26100"}],"collection":[{"href":"https:\/\/www.cinemaup.com.br\/en\/wp-json\/wp\/v2\/posts"}],"about":[{"href":"https:\/\/www.cinemaup.com.br\/en\/wp-json\/wp\/v2\/types\/post"}],"author":[{"embeddable":true,"href":"https:\/\/www.cinemaup.com.br\/en\/wp-json\/wp\/v2\/users\/46"}],"replies":[{"embeddable":true,"href":"https:\/\/www.cinemaup.com.br\/en\/wp-json\/wp\/v2\/comments?post=26100"}],"version-history":[{"count":0,"href":"https:\/\/www.cinemaup.com.br\/en\/wp-json\/wp\/v2\/posts\/26100\/revisions"}],"wp:featuredmedia":[{"embeddable":true,"href":"https:\/\/www.cinemaup.com.br\/en\/wp-json\/wp\/v2\/media\/26101"}],"wp:attachment":[{"href":"https:\/\/www.cinemaup.com.br\/en\/wp-json\/wp\/v2\/media?parent=26100"}],"wp:term":[{"taxonomy":"category","embeddable":true,"href":"https:\/\/www.cinemaup.com.br\/en\/wp-json\/wp\/v2\/categories?post=26100"},{"taxonomy":"post_tag","embeddable":true,"href":"https:\/\/www.cinemaup.com.br\/en\/wp-json\/wp\/v2\/tags?post=26100"}],"curies":[{"name":"wp","href":"https:\/\/api.w.org\/{rel}","templated":true}]}}