{"id":27477,"date":"2017-01-10T15:42:04","date_gmt":"2017-01-10T18:42:04","guid":{"rendered":"http:\/\/pipocadepimenta.com\/?p=27477"},"modified":"2017-05-05T19:06:41","modified_gmt":"2017-05-05T22:06:41","slug":"centro-cultural-sao-paulo-exibira-amadas-animacoes-em-mostra","status":"publish","type":"post","link":"https:\/\/www.cinemaup.com.br\/en\/centro-cultural-sao-paulo-exibira-amadas-animacoes-em-mostra\/","title":{"rendered":"Centro Cultural S\u00e3o Paulo exibir\u00e1 amadas anima\u00e7\u00f5es em mostra"},"content":{"rendered":"<div style=\"text-align: justify;\">A partir do dia 12 ao 29 de Janeiro, o Centro Cultural S\u00e3o Paulo, ter\u00e1 a mostra &#8220;O Que as Crian\u00e7as Dizem&#8221;, uma mostra dedicada as crian\u00e7as, mas que muitos adultos v\u00e3o gostar.<\/p>\n<div style=\"text-align: justify;\">\n<div style=\"height: 20px;\"><\/div>\n<p>A mostra conta com a exibi\u00e7\u00e3o de 14 anima\u00e7\u00f5es, sempre \u00e0s 15h e \u00e0s 17:30. Os filmes contam com cl\u00e1ssicos da Disney, Studio Ghibli, uma anima\u00e7\u00e3o franco-belga e outra brasilera.<\/p>\n<div style=\"text-align: justify;\">\n<div style=\"height: 20px;\"><\/div>\n<p>Confira a programa\u00e7\u00e3o.<\/p>\n<div style=\"text-align: justify;\">\n<div style=\"height: 20px;\"><\/div>\n<p>Quinta, 12:<\/p>\n<div style=\"text-align: justify;\">15h: \u2018Porco Rosso\u2019 (1994), de Hayao Miyazaki<\/p>\n<div style=\"text-align: justify;\">17h30: \u2018Ponyo: Uma Amizade que Veio do Mar\u2019 (2010), de Hayao Miyazaki<\/p>\n<div style=\"text-align: justify;\">\n<div style=\"height: 20px;\"><\/div>\n<p>Sexta, 13:<\/p>\n<div style=\"text-align: justify;\">15h: \u2018O Rei Le\u00e3o\u2019 (1994), de Roger Allers e Rob Minkoff<\/p>\n<div style=\"text-align: justify;\">17h30: \u2018Wall-E\u2019 (2008), de Andrew Stanton<\/p>\n<div style=\"text-align: justify;\">\n<div style=\"height: 20px;\"><\/div>\n<p>S\u00e1bado, 14:<\/p>\n<div style=\"text-align: justify;\">15h: \u2018Kiriku e a Feiticeira\u2019 (1998), de Michel Ocelot<\/p>\n<div style=\"text-align: justify;\">17h30: \u2018Ernest e C\u00e9lestine\u2019 (2012), de St\u00e9phane Aubier, Vincent Patar e Benjamin Renner<\/p>\n<div style=\"text-align: justify;\">\n<div style=\"height: 20px;\"><\/div>\n<p>Domingo, 15:<\/p>\n<div style=\"text-align: justify;\">15h: \u2018F\u00e9rias de Ver\u00e3o Com Coo\u2019 (2007), de Keiichi Hara<\/p>\n<div style=\"text-align: justify;\">17h30: \u2018A Marcha dos Pinguins\u2019 (2006), de Luc Jacquet<\/p>\n<div style=\"text-align: justify;\">\n<div style=\"height: 20px;\"><\/div>\n<p>Ter\u00e7a, 17:<\/p>\n<div style=\"text-align: justify;\">15h: \u2018O Reino dos Gatos\u2019 (2004), de Hiroyuki Morita<\/p>\n<div style=\"text-align: justify;\">17h30: \u2018A Dama e o Vagabundo\u2019 (1955), de Clyde Geronimi, Wilfred Jackson e Hamilton Luske<\/p>\n<div style=\"text-align: justify;\">\n<div style=\"height: 20px;\"><\/div>\n<p>Quarta, 18:<\/p>\n<div style=\"text-align: justify;\">15h: \u2018Shaun: o Carneiro\u2019 (2015), de Richard Goleszowski e Mark Burton<\/p>\n<div style=\"text-align: justify;\">17h30: \u2018O Menino e o Mundo\u2019 (2014), de Al\u00ea Abreu<\/p>\n<div style=\"text-align: justify;\">\n<div style=\"height: 20px;\"><\/div>\n<p>Quinta, 19:<\/p>\n<div style=\"text-align: justify;\">15h: \u2018O Fant\u00e1stico Sr. Raposo\u2019 (2009), de Wes Anderson<\/p>\n<div style=\"text-align: justify;\">17h30: \u2018Alice no Pa\u00eds das Maravilhas\u2019 (1951), de Hamilton Luske<\/p>\n<div style=\"text-align: justify;\">\n<div style=\"height: 20px;\"><\/div>\n<p>Sexta, 20:<\/p>\n<div style=\"text-align: justify;\">15h: \u2018Porco Rosso\u2019<\/p>\n<div style=\"text-align: justify;\">17h30 :\u2018Ponyo: Uma Amizade que Veio do Mar\u2019<\/p>\n<div style=\"text-align: justify;\">\n<div style=\"height: 20px;\"><\/div>\n<p>S\u00e1bado, 21:<\/p>\n<div style=\"text-align: justify;\">15h: \u2018O Rei Le\u00e3o\u2019<\/p>\n<div style=\"text-align: justify;\">17h30: \u2018Wall-E\u2019<\/p>\n<div style=\"text-align: justify;\">\n<div style=\"height: 20px;\"><\/div>\n<p>Domingo, 22:<\/p>\n<div style=\"text-align: justify;\">15h: \u2018Kiriku e a Feiticeira\u2019<\/p>\n<div style=\"text-align: justify;\">17h30: \u2018Ernest e C\u00e9lestine\u2019<\/p>\n<div style=\"text-align: justify;\">\n<div style=\"height: 20px;\"><\/div>\n<p>Ter\u00e7a, 23:<\/p>\n<div style=\"text-align: justify;\">15h: \u2018F\u00e9rias de Ver\u00e3o Com Coo\u2019<\/p>\n<div style=\"text-align: justify;\">17h30: \u2018A Marcha dos Pinguins\u2019<\/p>\n<div style=\"text-align: justify;\">\n<div style=\"height: 20px;\"><\/div>\n<p>Quarta, 24:<\/p>\n<div style=\"text-align: justify;\">15h: \u2018O Reino dos Gatos\u2019<\/p>\n<div style=\"text-align: justify;\">17h30: \u2018A Dama e o Vagabundo\u2019<\/p>\n<div style=\"text-align: justify;\">\n<div style=\"height: 20px;\"><\/div>\n<p>Quinta, 25:<\/p>\n<div style=\"text-align: justify;\">15h: \u2018Shaun o Carneiro\u2019<\/p>\n<div style=\"text-align: justify;\">17h30: \u2018O Menino e o Mundo\u2019<\/p>\n<div style=\"text-align: justify;\">\n<div style=\"height: 20px;\"><\/div>\n<p>Sexta, 26:<\/p>\n<div style=\"text-align: justify;\">15h: \u2018O Fant\u00e1stico Sr. Raposo\u2019<\/p>\n<div style=\"text-align: justify;\">17h30: \u2018Alice no Pa\u00eds das Maravilhas\u2019<\/p>\n<div style=\"text-align: justify;\">\n<div style=\"height: 20px;\"><\/div>\n<p>S\u00e1bado, 28:<\/p>\n<div style=\"text-align: justify;\">15h: \u2018Porco Rosso\u2019<\/p>\n<div style=\"text-align: justify;\">17h30: \u2018Ponyo: Uma Amizade que Veio do Mar\u2019<\/p>\n<div style=\"text-align: justify;\">\n<div style=\"height: 20px;\"><\/div>\n<p>Domingo, 29:<\/p>\n<div style=\"text-align: justify;\">15h: \u2018O Rei Le\u00e3o\u2019<\/p>\n<div style=\"text-align: justify;\">17h30: \u2018Wall-E\u2019<\/p>\n<div style=\"text-align: justify;\">\n<div style=\"height: 20px;\"><\/div>\n<p>A entrada \u00e9 gratuita e os ingressos devem ser retirados com uma hora de anteced\u00eancia.<\/p>\n<\/div>\n<\/div>\n<\/div>\n<\/div>\n<\/div>\n<\/div>\n<\/div>\n<\/div>\n<\/div>\n<\/div>\n<\/div>\n<\/div>\n<\/div>\n<\/div>\n<\/div>\n<\/div>\n<\/div>\n<\/div>\n<\/div>\n<\/div>\n<\/div>\n<\/div>\n<\/div>\n<\/div>\n<\/div>\n<\/div>\n<\/div>\n<\/div>\n<\/div>\n<\/div>\n<\/div>\n<\/div>\n<\/div>\n<\/div>\n<\/div>\n<\/div>\n<\/div>\n<\/div>\n<\/div>\n<\/div>\n<\/div>\n<\/div>\n<\/div>\n<\/div>\n<\/div>\n<\/div>\n<\/div>\n<\/div>\n<\/div>\n<\/div>\n<\/div>\n<\/div>","protected":false},"excerpt":{"rendered":"<p>Centro Cultural S\u00e3o Paulo exibir\u00e1 anima\u00e7\u00f5es na mostra &#8220;O Que as Crian\u00e7as Dizem&#8221;.<\/p>","protected":false},"author":46,"featured_media":27478,"comment_status":"open","ping_status":"open","sticky":false,"template":"","format":"standard","meta":{"_exactmetrics_skip_tracking":false,"_exactmetrics_sitenote_active":false,"_exactmetrics_sitenote_note":"","_exactmetrics_sitenote_category":0,"footnotes":""},"categories":[1,9067],"tags":[6321,6319,6324,6313,6317,6318,6316,6323,706,6325,6315,6320,882,5985,6314,6322,470],"_links":{"self":[{"href":"https:\/\/www.cinemaup.com.br\/en\/wp-json\/wp\/v2\/posts\/27477"}],"collection":[{"href":"https:\/\/www.cinemaup.com.br\/en\/wp-json\/wp\/v2\/posts"}],"about":[{"href":"https:\/\/www.cinemaup.com.br\/en\/wp-json\/wp\/v2\/types\/post"}],"author":[{"embeddable":true,"href":"https:\/\/www.cinemaup.com.br\/en\/wp-json\/wp\/v2\/users\/46"}],"replies":[{"embeddable":true,"href":"https:\/\/www.cinemaup.com.br\/en\/wp-json\/wp\/v2\/comments?post=27477"}],"version-history":[{"count":0,"href":"https:\/\/www.cinemaup.com.br\/en\/wp-json\/wp\/v2\/posts\/27477\/revisions"}],"wp:featuredmedia":[{"embeddable":true,"href":"https:\/\/www.cinemaup.com.br\/en\/wp-json\/wp\/v2\/media\/27478"}],"wp:attachment":[{"href":"https:\/\/www.cinemaup.com.br\/en\/wp-json\/wp\/v2\/media?parent=27477"}],"wp:term":[{"taxonomy":"category","embeddable":true,"href":"https:\/\/www.cinemaup.com.br\/en\/wp-json\/wp\/v2\/categories?post=27477"},{"taxonomy":"post_tag","embeddable":true,"href":"https:\/\/www.cinemaup.com.br\/en\/wp-json\/wp\/v2\/tags?post=27477"}],"curies":[{"name":"wp","href":"https:\/\/api.w.org\/{rel}","templated":true}]}}