{"id":29396,"date":"2017-03-01T16:40:39","date_gmt":"2017-03-01T19:40:39","guid":{"rendered":"http:\/\/pipocadepimenta.com\/?p=29396"},"modified":"2017-03-01T16:40:39","modified_gmt":"2017-03-01T19:40:39","slug":"scorcese-sobre-liam-neeson-silencio","status":"publish","type":"post","link":"https:\/\/www.cinemaup.com.br\/en\/scorcese-sobre-liam-neeson-silencio\/","title":{"rendered":"&#8220;Ele \u00e9 um ator maravilhoso e se dedicou absolutamente ao papel&#8221;, diz Scorcese sobre Liam Neeson em &#8220;Sil\u00eancio&#8221;"},"content":{"rendered":"<div style=\"text-align: justify;\">\n<p>Nesta quarta-feira (1), a <strong>Imagem Filmes<\/strong> divulgou um <em>featurette<\/em> sobre o filme <strong>&#8220;Sil\u00eancio&#8221;<\/strong>. O v\u00eddeo conta com entrevistas do diretor<strong> Martin Scorsese<\/strong>, do co-roteirista <strong>Jay Cocks<\/strong> e dos atores <strong>Andrew Garfield <\/strong>e<strong> Liam Neeson<\/strong>.<\/p>\n<div style=\"text-align: justify;\">\n<div style=\"height: 20px;\"><\/div>\n<p>O longa \u00e9 baseado no romance do escritor japon\u00eas <strong>Shusaku End\u014d<\/strong>.<\/p>\n<div style=\"text-align: justify;\">\n<div style=\"height: 20px;\"><\/div>\n<p><iframe src=\"https:\/\/www.youtube.com\/embed\/mYXoDWi_NL8\" width=\"100%\" height=\"512\" frameborder=\"0\" allowfullscreen=\"allowfullscreen\"><\/iframe><\/p>\n<div style=\"text-align: justify;\">\n<div style=\"height: 20px;\"><\/div>\n<p>A trama conta a hist\u00f3ria de dois padres jesu\u00edtas que enfrentam uma persegui\u00e7\u00e3o violenta, quando se deslocam para o Jap\u00e3o para procurar seu mentor e espalhar os ensinamentos do cristianismo.<\/p>\n<div style=\"text-align: justify;\">\n<div style=\"height: 20px;\"><\/div>\n<p>Al\u00e9m de Andrew e Liam, o elenco \u00e9 composto por<strong> Adam Driver<\/strong>,<strong> Ciar\u00e1n Hinds <\/strong>e<strong> Javier Bardem<\/strong>.<\/p>\n<\/div>\n<\/div>\n<\/div>\n<\/div>\n<\/div>","protected":false},"excerpt":{"rendered":"<p>Em novo featurette, Andrew Garfield tamb\u00e9m comenta a hist\u00f3ria dos padres jesu\u00edtas<\/p>","protected":false},"author":46,"featured_media":29397,"comment_status":"open","ping_status":"open","sticky":false,"template":"","format":"standard","meta":{"_exactmetrics_skip_tracking":false,"_exactmetrics_sitenote_active":false,"_exactmetrics_sitenote_note":"","_exactmetrics_sitenote_category":0,"footnotes":""},"categories":[1],"tags":[5978,709,7426,7427,6117,7430,35,7425,5977,743,7428,882,7429,5979,7424],"_links":{"self":[{"href":"https:\/\/www.cinemaup.com.br\/en\/wp-json\/wp\/v2\/posts\/29396"}],"collection":[{"href":"https:\/\/www.cinemaup.com.br\/en\/wp-json\/wp\/v2\/posts"}],"about":[{"href":"https:\/\/www.cinemaup.com.br\/en\/wp-json\/wp\/v2\/types\/post"}],"author":[{"embeddable":true,"href":"https:\/\/www.cinemaup.com.br\/en\/wp-json\/wp\/v2\/users\/46"}],"replies":[{"embeddable":true,"href":"https:\/\/www.cinemaup.com.br\/en\/wp-json\/wp\/v2\/comments?post=29396"}],"version-history":[{"count":0,"href":"https:\/\/www.cinemaup.com.br\/en\/wp-json\/wp\/v2\/posts\/29396\/revisions"}],"wp:featuredmedia":[{"embeddable":true,"href":"https:\/\/www.cinemaup.com.br\/en\/wp-json\/wp\/v2\/media\/29397"}],"wp:attachment":[{"href":"https:\/\/www.cinemaup.com.br\/en\/wp-json\/wp\/v2\/media?parent=29396"}],"wp:term":[{"taxonomy":"category","embeddable":true,"href":"https:\/\/www.cinemaup.com.br\/en\/wp-json\/wp\/v2\/categories?post=29396"},{"taxonomy":"post_tag","embeddable":true,"href":"https:\/\/www.cinemaup.com.br\/en\/wp-json\/wp\/v2\/tags?post=29396"}],"curies":[{"name":"wp","href":"https:\/\/api.w.org\/{rel}","templated":true}]}}