{"id":29623,"date":"2017-03-07T13:05:16","date_gmt":"2017-03-07T16:05:16","guid":{"rendered":"http:\/\/pipocadepimenta.com\/?p=29623"},"modified":"2017-03-08T13:48:40","modified_gmt":"2017-03-08T16:48:40","slug":"disney-versao-estendida-fera-bela-jantar-bela-e-a-fera","status":"publish","type":"post","link":"https:\/\/www.cinemaup.com.br\/en\/disney-versao-estendida-fera-bela-jantar-bela-e-a-fera\/","title":{"rendered":"Disney libera vers\u00e3o estendida da cena em que Fera chama Bela pra jantar em &#8220;A Bela e a Fera&#8221;"},"content":{"rendered":"<div style=\"text-align: justify;\">\n<p>Anteriormente a <strong>Disney<\/strong> liberou um trecho de uma cena do<a href=\"http:\/\/pipocadepimenta.com\/cinemundo\/noticias\/ariana-grande-john-legend-clipe-bela-fera\/\"> live action<strong> &#8220;A Bela e a Fera&#8221;<\/strong><\/a>. Na cena em quest\u00e3o, vemos os objetos falantes ajudando a Fera a chamar Bela para jantar. Ontem (7) Disney liberou novamente a cena, por\u00e9m em vers\u00e3o estendida com um minuto a mais de filme. Confira abaixo.<\/p>\n<div style=\"text-align: justify;\">\n<div style=\"height: 20px;\"><\/div>\n<p><iframe src=\"https:\/\/www.youtube.com\/embed\/soRV6si7lm8\" width=\"100%\" height=\"512\" frameborder=\"0\" allowfullscreen=\"allowfullscreen\"><\/iframe><\/p>\n<div style=\"text-align: justify;\">\n<div style=\"height: 20px;\"><\/div>\n<p>O elenco \u00e9 composto por<a href=\"http:\/\/pipocadepimenta.com\/cinemundo\/noticias\/a-bela-e-a-fera-emma-watson-aparece-no-clipe-belle\/\"><strong> Emma Watson<\/strong><\/a> (&#8220;Harry Potter&#8221;), <strong>Dan Stevens<\/strong> (&#8220;Downton Abbey&#8221;),<strong> Luke Evans<\/strong> (&#8220;A Garota no Trem&#8221;),<strong> Kevin Kline<\/strong> (&#8220;Um Peixe Chamado Wanda&#8221;) e <a href=\"http:\/\/pipocadepimenta.com\/cinemundo\/noticias\/cinema-cancela-exibicao-a-bela-e-a-fera-personagem-homossexual\/\"><strong>Josh Gad<\/strong><\/a> (&#8220;Pixels&#8221;). E, na dublagem dos objetos, temos <strong>Ian McKellen<\/strong> (&#8220;X-Men&#8221;), <strong>Emma Thompson<\/strong> (&#8220;Mais Estranho que a Fic\u00e7\u00e3o&#8221;),\u00a0<strong>Ewan McGregor<\/strong> (&#8220;O Imposs\u00edvel&#8221;),\u00a0<strong>Gugu Mbatha-Raw<\/strong> (&#8220;Belle&#8221;),<strong> Audra McDonald<\/strong> (s\u00e9rie &#8220;Private Practice&#8221;) e <strong>Stanley Tucci<\/strong> (&#8220;O Diabo Veste Prada&#8221;). J\u00e1 a dire\u00e7\u00e3o fica por conta de <strong><a href=\"http:\/\/pipocadepimenta.com\/cinemundo\/noticias\/luke-evans-e-josh-gad-soltam-a-voz-em-premiere-de-a-bela-e-a-fera-em-los-angeles\/\">Bill Condon<\/a><\/strong>.<\/p>\n<div style=\"text-align: justify;\">\n<div style=\"text-align: justify;\">\n<div style=\"height: 20px;\"><\/div>\n<p>O longa aborda as aventuras de Bela, uma brilhante jovem que fica presa no castelo de uma fera misteriosa. Com a ajuda de empregados encantados, um belo romance nasce entre a Bela e a Fera, que aprendem a li\u00e7\u00e3o mais importante de todas: a verdadeira beleza est\u00e1 no interior.<\/p>\n<div style=\"text-align: justify;\">\n<div style=\"height: 20px;\"><\/div>\n<p>&#8220;A Bela e a Fera&#8221; estreia no dia 16 de mar\u00e7o.<\/p>\n<\/div>\n<\/div>\n<\/div>\n<\/div>\n<\/div>\n<\/div>","protected":false},"excerpt":{"rendered":"<p>Com um minuto a mais de filme.<\/p>","protected":false},"author":46,"featured_media":29625,"comment_status":"open","ping_status":"open","sticky":false,"template":"","format":"standard","meta":{"_exactmetrics_skip_tracking":false,"_exactmetrics_sitenote_active":false,"_exactmetrics_sitenote_note":"","_exactmetrics_sitenote_category":0,"footnotes":""},"categories":[1],"tags":[2389,7432,2388,6295,69,475,2351,6474,6816,796,6815,6995,6004,882,888,7435],"_links":{"self":[{"href":"https:\/\/www.cinemaup.com.br\/en\/wp-json\/wp\/v2\/posts\/29623"}],"collection":[{"href":"https:\/\/www.cinemaup.com.br\/en\/wp-json\/wp\/v2\/posts"}],"about":[{"href":"https:\/\/www.cinemaup.com.br\/en\/wp-json\/wp\/v2\/types\/post"}],"author":[{"embeddable":true,"href":"https:\/\/www.cinemaup.com.br\/en\/wp-json\/wp\/v2\/users\/46"}],"replies":[{"embeddable":true,"href":"https:\/\/www.cinemaup.com.br\/en\/wp-json\/wp\/v2\/comments?post=29623"}],"version-history":[{"count":0,"href":"https:\/\/www.cinemaup.com.br\/en\/wp-json\/wp\/v2\/posts\/29623\/revisions"}],"wp:featuredmedia":[{"embeddable":true,"href":"https:\/\/www.cinemaup.com.br\/en\/wp-json\/wp\/v2\/media\/29625"}],"wp:attachment":[{"href":"https:\/\/www.cinemaup.com.br\/en\/wp-json\/wp\/v2\/media?parent=29623"}],"wp:term":[{"taxonomy":"category","embeddable":true,"href":"https:\/\/www.cinemaup.com.br\/en\/wp-json\/wp\/v2\/categories?post=29623"},{"taxonomy":"post_tag","embeddable":true,"href":"https:\/\/www.cinemaup.com.br\/en\/wp-json\/wp\/v2\/tags?post=29623"}],"curies":[{"name":"wp","href":"https:\/\/api.w.org\/{rel}","templated":true}]}}