{"id":29680,"date":"2017-03-08T14:06:50","date_gmt":"2017-03-08T17:06:50","guid":{"rendered":"http:\/\/pipocadepimenta.com\/?p=29680"},"modified":"2017-03-08T14:07:25","modified_gmt":"2017-03-08T17:07:25","slug":"disney-uma-cena-a-bela-e-a-fera","status":"publish","type":"post","link":"https:\/\/www.cinemaup.com.br\/en\/disney-uma-cena-a-bela-e-a-fera\/","title":{"rendered":"Disney divulga mais uma cena do filme &#8220;A Bela e a Fera&#8221;; Confira"},"content":{"rendered":"<div style=\"text-align: justify;\">\n<p><strong>Disney<\/strong> divulgou mais um trecho do live action <strong>&#8220;A Bela e a Fera&#8221;<\/strong>. Ontem mesmo o est\u00fadio liberou a <a href=\"http:\/\/pipocadepimenta.com\/cinemundo\/noticias\/disney-versao-estendida-fera-bela-jantar-bela-e-a-fera\/\">vers\u00e3o estendida<\/a> da cena em que a Fera chama Bela para o jantar. J\u00e1 hoje (08), foi divulgada toda a arruma\u00e7\u00e3o que o candelabro <strong>Lumi\u00e8re<\/strong> faz para o jantar citado anteriormente.<\/p>\n<div style=\"text-align: justify;\">\n<div style=\"height: 20px;\"><\/div>\n<p><iframe src=\"https:\/\/www.youtube.com\/embed\/0d6o9GSFnZ8\" width=\"100%\" height=\"512\" frameborder=\"0\" allowfullscreen=\"allowfullscreen\"><\/iframe><\/p>\n<div style=\"text-align: justify;\">\n<div style=\"height: 20px;\"><\/div>\n<p>O longa aborda as aventuras de Bela, uma brilhante jovem que fica presa no castelo de uma fera misteriosa. Com a ajuda dos empregados encantados do castelo, um belo romance nasce entre os dois amigos e Bela aprende a li\u00e7\u00e3o mais importante de todas: a verdadeira beleza est\u00e1 no interior.<\/p>\n<div style=\"text-align: justify;\">\n<div style=\"height: 20px;\"><\/div>\n<p>O elenco \u00e9 composto por <strong>Emma Watson<\/strong> (&#8216;Harry Potter&#8217;) como Bela, <strong>Dan Stevens<\/strong> (&#8216;Downton Abbey&#8217;) como Fera, <strong>Luke Evans<\/strong> (&#8216;A Garota no Trem&#8217;) como Gaston,<strong> Kevin Kline<\/strong> (&#8216;Um Peixe Chamado Wanda&#8217;) como Maurice, <a href=\"http:\/\/pipocadepimenta.com\/cinemundo\/noticias\/josh-gad-fala-sobre-polemica-com-seu-personagem-de-a-bela-e-a-fera\/\"><strong>Josh Gad<\/strong><\/a> (&#8216;Pixels&#8217;) como Le Fou. E na parte de dublagem dos objetos da casa <strong>Ian McKellen<\/strong> (&#8216;X-Men&#8217;) \u00e9 Horloge, <strong>Emma Thompson<\/strong> (&#8216;Mais Estranho que a Fic\u00e7\u00e3o&#8217;) \u00e9 Madame Samovar, <strong>Ewan McGregor<\/strong> (&#8216;O Imposs\u00edvel&#8217;) \u00e9 Lumi\u00e8re,<strong> Gugu Mbatha-Raw<\/strong> (&#8216;Belle&#8217;) \u00e9 Espanador, <strong>Audra McDonald<\/strong> (s\u00e9rie &#8216;Private Practice&#8217;) \u00e9 Garderobe e <strong>Stanley Tucci<\/strong> (&#8216;O Diabo Veste Prada&#8217;) \u00e9 Cadenza.<\/p>\n<div style=\"text-align: justify;\">\n<div style=\"height: 20px;\"><\/div>\n<p>A dire\u00e7\u00e3o do longa fica por conta de <strong>Bill Condon<\/strong> e o roteiro \u00e9 de <strong>Stephen Chbosky<\/strong> e<strong> Evan Spiliotopoulos<\/strong>.<\/p>\n<div style=\"text-align: justify;\">\n<div style=\"height: 20px;\"><\/div>\n<p>&#8220;A Bela e a Fera&#8221; estreia dia 17 de mar\u00e7o.<\/p>\n<\/div>\n<\/div>\n<\/div>\n<\/div>\n<\/div>\n<\/div>","protected":false},"excerpt":{"rendered":"<p>Dessa vez Lumi\u00e8re e Horloge s\u00e3o os protagonistas.<\/p>","protected":false},"author":46,"featured_media":26024,"comment_status":"open","ping_status":"open","sticky":false,"template":"","format":"standard","meta":{"_exactmetrics_skip_tracking":false,"_exactmetrics_sitenote_active":false,"_exactmetrics_sitenote_note":"","_exactmetrics_sitenote_category":0,"footnotes":""},"categories":[1],"tags":[2389,7432,2388,6295,69,475,2351,825,6474,6816,796,6815,6995,7433,7733,3752,6004,7756,888,6992,7435],"_links":{"self":[{"href":"https:\/\/www.cinemaup.com.br\/en\/wp-json\/wp\/v2\/posts\/29680"}],"collection":[{"href":"https:\/\/www.cinemaup.com.br\/en\/wp-json\/wp\/v2\/posts"}],"about":[{"href":"https:\/\/www.cinemaup.com.br\/en\/wp-json\/wp\/v2\/types\/post"}],"author":[{"embeddable":true,"href":"https:\/\/www.cinemaup.com.br\/en\/wp-json\/wp\/v2\/users\/46"}],"replies":[{"embeddable":true,"href":"https:\/\/www.cinemaup.com.br\/en\/wp-json\/wp\/v2\/comments?post=29680"}],"version-history":[{"count":0,"href":"https:\/\/www.cinemaup.com.br\/en\/wp-json\/wp\/v2\/posts\/29680\/revisions"}],"wp:featuredmedia":[{"embeddable":true,"href":"https:\/\/www.cinemaup.com.br\/en\/wp-json\/wp\/v2\/media\/26024"}],"wp:attachment":[{"href":"https:\/\/www.cinemaup.com.br\/en\/wp-json\/wp\/v2\/media?parent=29680"}],"wp:term":[{"taxonomy":"category","embeddable":true,"href":"https:\/\/www.cinemaup.com.br\/en\/wp-json\/wp\/v2\/categories?post=29680"},{"taxonomy":"post_tag","embeddable":true,"href":"https:\/\/www.cinemaup.com.br\/en\/wp-json\/wp\/v2\/tags?post=29680"}],"curies":[{"name":"wp","href":"https:\/\/api.w.org\/{rel}","templated":true}]}}