{"id":29725,"date":"2017-03-09T09:46:49","date_gmt":"2017-03-09T12:46:49","guid":{"rendered":"http:\/\/pipocadepimenta.com\/?p=29725"},"modified":"2017-03-09T10:58:11","modified_gmt":"2017-03-09T13:58:11","slug":"poster-setima-temporada-game-thrones","status":"publish","type":"post","link":"https:\/\/www.cinemaup.com.br\/en\/poster-setima-temporada-game-thrones\/","title":{"rendered":"Saiu o p\u00f4ster da s\u00e9tima temporada de Game of Thrones"},"content":{"rendered":"<div style=\"text-align: justify;\">\n<p>Na \u00faltima quarta-feira (8), a <a href=\"http:\/\/pipocadepimenta.com\/cinemundo\/noticias\/hbo-ira-fazer-filme-sobre-os-bastidores-de-o-poderoso-chefao\/\"><strong>HBO<\/strong><\/a> divulgou o primeiro p\u00f4ster da <a href=\"http:\/\/pipocadepimenta.com\/cinemundo\/noticias\/emilia-clarke-comemora-ultimo-dia-de-gravacao-da-setima-temporada-de-game-of-thrones\/\"><strong>s\u00e9tima temporada de Game of Thrones<\/strong><\/a>. Ele foi visto, pela primeira vez, nas ruas de Austin, onde acontece o <strong>festival SXSW<\/strong>.<\/p>\n<div style=\"height: 20px;\"><\/div>\n<div style=\"text-align: justify;\">\n<p>Na imagem, conseguimos ver o termo &#8220;<strong>GoTS7<\/strong>&#8221; em meio a fogo e gelo, uma clara\u00a0refer\u00eancia ao t\u00edtulo da saga. Confira:<\/p>\n<div style=\"height: 20px;\"><\/div>\n<p><img fetchpriority=\"high\" decoding=\"async\" class=\"aligncenter size-full wp-image-29727\" src=\"http:\/\/pipocadepimenta.com\/wp-content\/uploads\/2017\/03\/poster-game-thrones-7-pipocadepimenta.jpg\" alt=\"\" width=\"800\" height=\"976\" srcset=\"https:\/\/www.cinemaup.com.br\/wp-content\/uploads\/2017\/03\/poster-game-thrones-7-pipocadepimenta.jpg 800w, https:\/\/www.cinemaup.com.br\/wp-content\/uploads\/2017\/03\/poster-game-thrones-7-pipocadepimenta-123x150.jpg 123w, https:\/\/www.cinemaup.com.br\/wp-content\/uploads\/2017\/03\/poster-game-thrones-7-pipocadepimenta-262x320.jpg 262w\" sizes=\"(max-width: 800px) 100vw, 800px\" \/><\/p>\n<div style=\"height: 20px;\"><\/div>\n<div style=\"text-align: justify;\">\n<p>O p\u00f4ster saiu depois de semanas em que os f\u00e3s ficaram produzindo suas pr\u00f3prias leituras do que ser\u00e1 a nova temporada. Ora colocando <strong>Bran Stark<\/strong>, ora <strong>Jon Snow<\/strong> e <strong>Daenerys<\/strong>, as ideias mostraram interessantes caminhos para a trama. Por\u00e9m, o p\u00f4ster oficial n\u00e3o confirma nenhuma delas. Talvez o gelo e o fogo possam fazer men\u00e7\u00e3o ao\u00a0Rei do Norte\u00a0e \u00e0 <em>khaleesi<\/em>, mas \u00e9 tudo especula\u00e7\u00e3o. Ao menos, por enquanto.<\/p>\n<div style=\"height: 20px;\"><\/div>\n<div style=\"text-align: justify;\">Ainda sem data definida, a pen\u00faltima temporada de <strong>Game of Thrones<\/strong> deve chegar \u00e0 HBO na metade do ano.<\/div>\n<\/div>\n<\/div>\n<\/div>","protected":false},"excerpt":{"rendered":"<p>A imagem oferece uma pequena pista do que est\u00e1 por vir<\/p>","protected":false},"author":1,"featured_media":29728,"comment_status":"open","ping_status":"open","sticky":false,"template":"","format":"standard","meta":{"_exactmetrics_skip_tracking":false,"_exactmetrics_sitenote_active":false,"_exactmetrics_sitenote_note":"","_exactmetrics_sitenote_category":0,"footnotes":""},"categories":[1],"tags":[7791,7796,7793,7792,5926,3009,7790,7799,1138,7797,7798,7795,7794,7803,7801,7800,7802,6671],"_links":{"self":[{"href":"https:\/\/www.cinemaup.com.br\/en\/wp-json\/wp\/v2\/posts\/29725"}],"collection":[{"href":"https:\/\/www.cinemaup.com.br\/en\/wp-json\/wp\/v2\/posts"}],"about":[{"href":"https:\/\/www.cinemaup.com.br\/en\/wp-json\/wp\/v2\/types\/post"}],"author":[{"embeddable":true,"href":"https:\/\/www.cinemaup.com.br\/en\/wp-json\/wp\/v2\/users\/1"}],"replies":[{"embeddable":true,"href":"https:\/\/www.cinemaup.com.br\/en\/wp-json\/wp\/v2\/comments?post=29725"}],"version-history":[{"count":0,"href":"https:\/\/www.cinemaup.com.br\/en\/wp-json\/wp\/v2\/posts\/29725\/revisions"}],"wp:featuredmedia":[{"embeddable":true,"href":"https:\/\/www.cinemaup.com.br\/en\/wp-json\/wp\/v2\/media\/29728"}],"wp:attachment":[{"href":"https:\/\/www.cinemaup.com.br\/en\/wp-json\/wp\/v2\/media?parent=29725"}],"wp:term":[{"taxonomy":"category","embeddable":true,"href":"https:\/\/www.cinemaup.com.br\/en\/wp-json\/wp\/v2\/categories?post=29725"},{"taxonomy":"post_tag","embeddable":true,"href":"https:\/\/www.cinemaup.com.br\/en\/wp-json\/wp\/v2\/tags?post=29725"}],"curies":[{"name":"wp","href":"https:\/\/api.w.org\/{rel}","templated":true}]}}