{"id":29733,"date":"2017-03-09T10:19:02","date_gmt":"2017-03-09T13:19:02","guid":{"rendered":"http:\/\/pipocadepimenta.com\/?p=29733"},"modified":"2017-03-09T12:50:33","modified_gmt":"2017-03-09T15:50:33","slug":"disney-exibe-star-wars-ultimos-jedi","status":"publish","type":"post","link":"https:\/\/www.cinemaup.com.br\/en\/disney-exibe-star-wars-ultimos-jedi\/","title":{"rendered":"Disney exibe PRIMEIRO trecho de &#8220;Star Wars: Os \u00daltimos Jedi&#8221;"},"content":{"rendered":"<div style=\"text-align: justify;\">Na \u00faltima quarta-feira (8), h\u00e1 nove meses do lan\u00e7amento nos cinemas, a <a href=\"http:\/\/pipocadepimenta.com\/cinemundo\/noticias\/disney-uma-cena-a-bela-e-a-fera\/\"><strong>Disney<\/strong><\/a> exibiu o primeiro trecho de <strong>&#8220;Star Wars: Os \u00daltimos Jedi&#8221;<\/strong>. A proje\u00e7\u00e3o aconteceu no encontro anual do est\u00fadio com seus acionistas, em Denver.<\/div>\n<div style=\"text-align: justify;\">\n<div style=\"height: 20px;\"><\/div>\n<p>Segundo o <em>Los Angeles Times<\/em>, o trecho mostrava <a href=\"http:\/\/pipocadepimenta.com\/cinemundo\/noticias\/elenco-de-spin-off-sobre-han-solo-de-junta-em-foto-exclusiva\/\"><strong>Luke Skywalker<\/strong><\/a> (<strong>Mark Hammil<\/strong>) perguntando a <strong>Rey<\/strong> (<strong>Daisy Ridley<\/strong>) quem ela era. A personagem, ent\u00e3o, demonstrou suas habilidades usando o seu sabre de luz. <strong>Chewbacca<\/strong>, <strong>General Leia Organa<\/strong> (<a href=\"http:\/\/pipocadepimenta.com\/cinemundo\/noticias\/hbo-lanca-trailer-do-documentario-sobre-a-relacao-entre-carrie-fisher-e-debbie-reynolds\/\"><strong>Carrie Fisher<\/strong><\/a>) e <strong>Finn<\/strong> (<strong>John Boyega<\/strong>) tamb\u00e9m fazem parte deste momento do filme.<\/p>\n<div style=\"text-align: justify;\">\n<div style=\"height: 20px;\"><\/div>\n<p>Os presentes tamb\u00e9m puderam ver a <strong>X-Wing<\/strong> voando, danificada, em meio a paisagens de montanhas, desertos e florestas.<\/p>\n<div style=\"height: 20px;\"><\/div>\n<div style=\"text-align: justify;\"><\/div>\n<p><strong>&#8220;Star Wars: Os \u00daltimos Jedi&#8221;<\/strong> ainda tem no elenco <strong>Adam Driver<\/strong>, <strong>Oscar Isaac<\/strong>, <strong>Lupita Nyong\u2019o<\/strong> e <strong>Domhnall Gleeson<\/strong>. O filme estreia nos cinemas no dia <strong>15 de dezembro<\/strong>.<\/p>","protected":false},"excerpt":{"rendered":"<p>Os presentes assistiram ao primeiro encontro de Luke Skywalker e Rey<\/p>","protected":false},"author":1,"featured_media":29734,"comment_status":"open","ping_status":"open","sticky":false,"template":"","format":"standard","meta":{"_exactmetrics_skip_tracking":false,"_exactmetrics_sitenote_active":false,"_exactmetrics_sitenote_note":"","_exactmetrics_sitenote_category":0,"footnotes":""},"categories":[1],"tags":[5978,6219,7815,7239,69,7819,1317,7809,7813,7814,6097,7816,294,7817,2402,6226,7818,7810,7811,6895,5601,7812],"_links":{"self":[{"href":"https:\/\/www.cinemaup.com.br\/en\/wp-json\/wp\/v2\/posts\/29733"}],"collection":[{"href":"https:\/\/www.cinemaup.com.br\/en\/wp-json\/wp\/v2\/posts"}],"about":[{"href":"https:\/\/www.cinemaup.com.br\/en\/wp-json\/wp\/v2\/types\/post"}],"author":[{"embeddable":true,"href":"https:\/\/www.cinemaup.com.br\/en\/wp-json\/wp\/v2\/users\/1"}],"replies":[{"embeddable":true,"href":"https:\/\/www.cinemaup.com.br\/en\/wp-json\/wp\/v2\/comments?post=29733"}],"version-history":[{"count":0,"href":"https:\/\/www.cinemaup.com.br\/en\/wp-json\/wp\/v2\/posts\/29733\/revisions"}],"wp:featuredmedia":[{"embeddable":true,"href":"https:\/\/www.cinemaup.com.br\/en\/wp-json\/wp\/v2\/media\/29734"}],"wp:attachment":[{"href":"https:\/\/www.cinemaup.com.br\/en\/wp-json\/wp\/v2\/media?parent=29733"}],"wp:term":[{"taxonomy":"category","embeddable":true,"href":"https:\/\/www.cinemaup.com.br\/en\/wp-json\/wp\/v2\/categories?post=29733"},{"taxonomy":"post_tag","embeddable":true,"href":"https:\/\/www.cinemaup.com.br\/en\/wp-json\/wp\/v2\/tags?post=29733"}],"curies":[{"name":"wp","href":"https:\/\/api.w.org\/{rel}","templated":true}]}}