{"id":30314,"date":"2017-03-20T12:35:53","date_gmt":"2017-03-20T15:35:53","guid":{"rendered":"http:\/\/pipocadepimenta.com\/?p=30314"},"modified":"2017-03-20T12:36:32","modified_gmt":"2017-03-20T15:36:32","slug":"torre-negra-stephen-king-primeiro-cartaz","status":"publish","type":"post","link":"https:\/\/www.cinemaup.com.br\/en\/torre-negra-stephen-king-primeiro-cartaz\/","title":{"rendered":"&#8220;A Torre Negra&#8221;, adapta\u00e7\u00e3o do livro de Stephen King, ganha primeiro cartaz"},"content":{"rendered":"<div style=\"text-align: justify;\">\n<p>Ontem (19) foi liberado o primeiro cartaz\u00a0do filme &#8220;<strong>A Torre Negra<\/strong>&#8220;, adapta\u00e7\u00e3o cinematogr\u00e1fica do livro de mesmo nome escrito por <strong>Stephen King<\/strong>. Na imagem, vemos <strong>Idris Elba<\/strong> e <strong>Tom Taylor<\/strong> em uma cidade que se encontra invertida.<\/p>\n<div style=\"text-align: justify;\">\n<div style=\"height: 20px;\"><\/div>\n<p><img fetchpriority=\"high\" decoding=\"async\" class=\"alignnone size-large wp-image-30316\" src=\"http:\/\/pipocadepimenta.com\/wp-content\/uploads\/2017\/03\/the-dark-tower-poster-691x1024.jpg\" alt=\"\" width=\"691\" height=\"1024\" srcset=\"https:\/\/www.cinemaup.com.br\/wp-content\/uploads\/2017\/03\/the-dark-tower-poster-691x1024.jpg 691w, https:\/\/www.cinemaup.com.br\/wp-content\/uploads\/2017\/03\/the-dark-tower-poster-101x150.jpg 101w, https:\/\/www.cinemaup.com.br\/wp-content\/uploads\/2017\/03\/the-dark-tower-poster-216x320.jpg 216w, https:\/\/www.cinemaup.com.br\/wp-content\/uploads\/2017\/03\/the-dark-tower-poster.jpg 810w\" sizes=\"(max-width: 691px) 100vw, 691px\" \/><\/p>\n<div style=\"text-align: justify;\">\n<div style=\"height: 20px;\"><\/div>\n<p>No filme, <strong>Tom Taylor<\/strong> interpreta Jake Chambers, um jovem garoto que percebe que possui poderes especiais e acaba conhecendo o Pistoleiro Roland Deschain (<strong>Idris Elba<\/strong>), que busca a lend\u00e1ria Torre Negra. Juntos, os dois personagens tentam salvar seus mundos do Homem de Preto (<strong>Matthew McConaughey<\/strong>).<\/p>\n<div style=\"text-align: justify;\">\n<div style=\"height: 20px;\"><\/div>\n<p>O filme \u00e9 dirigido por <strong>Nikolaj Arcel<\/strong>\u00a0e estr\u00e9ia nos cinemas dia 28 de julho.<\/p>\n<\/div>\n<\/div>\n<\/div>\n<\/div>","protected":false},"excerpt":{"rendered":"<p>A imagem mostra Idris Elba e Tom Taylor em uma Manhattan invertida.<\/p>","protected":false},"author":1,"featured_media":30320,"comment_status":"open","ping_status":"open","sticky":false,"template":"","format":"standard","meta":{"_exactmetrics_skip_tracking":false,"_exactmetrics_sitenote_active":false,"_exactmetrics_sitenote_note":"","_exactmetrics_sitenote_category":0,"footnotes":""},"categories":[1],"tags":[2641,2336,8322,882,214,8321,8320],"_links":{"self":[{"href":"https:\/\/www.cinemaup.com.br\/en\/wp-json\/wp\/v2\/posts\/30314"}],"collection":[{"href":"https:\/\/www.cinemaup.com.br\/en\/wp-json\/wp\/v2\/posts"}],"about":[{"href":"https:\/\/www.cinemaup.com.br\/en\/wp-json\/wp\/v2\/types\/post"}],"author":[{"embeddable":true,"href":"https:\/\/www.cinemaup.com.br\/en\/wp-json\/wp\/v2\/users\/1"}],"replies":[{"embeddable":true,"href":"https:\/\/www.cinemaup.com.br\/en\/wp-json\/wp\/v2\/comments?post=30314"}],"version-history":[{"count":0,"href":"https:\/\/www.cinemaup.com.br\/en\/wp-json\/wp\/v2\/posts\/30314\/revisions"}],"wp:featuredmedia":[{"embeddable":true,"href":"https:\/\/www.cinemaup.com.br\/en\/wp-json\/wp\/v2\/media\/30320"}],"wp:attachment":[{"href":"https:\/\/www.cinemaup.com.br\/en\/wp-json\/wp\/v2\/media?parent=30314"}],"wp:term":[{"taxonomy":"category","embeddable":true,"href":"https:\/\/www.cinemaup.com.br\/en\/wp-json\/wp\/v2\/categories?post=30314"},{"taxonomy":"post_tag","embeddable":true,"href":"https:\/\/www.cinemaup.com.br\/en\/wp-json\/wp\/v2\/tags?post=30314"}],"curies":[{"name":"wp","href":"https:\/\/api.w.org\/{rel}","templated":true}]}}