{"id":31044,"date":"2017-04-03T13:17:04","date_gmt":"2017-04-03T16:17:04","guid":{"rendered":"http:\/\/pipocadepimenta.com\/?p=31044"},"modified":"2017-04-03T13:17:04","modified_gmt":"2017-04-03T16:17:04","slug":"divulgado-primeiro-trailer-annabelle-2-a-criacao-do-mal","status":"publish","type":"post","link":"https:\/\/www.cinemaup.com.br\/en\/divulgado-primeiro-trailer-annabelle-2-a-criacao-do-mal\/","title":{"rendered":"Divulgado primeiro trailer de &#8220;Annabelle 2: A Cria\u00e7\u00e3o do Mal&#8221;"},"content":{"rendered":"<div style=\"text-align: justify;\">\n<p>Foi liberado o primeiro trailer do filme &#8220;<strong>Annabelle 2: A Cria\u00e7\u00e3o do Mal<\/strong>&#8220;, que vai contar a hist\u00f3ria da cria\u00e7\u00e3o da boneca Annabelle, que ganhou seu primeiro filme em 2014. Voc\u00ea pode conferir o trailer a seguir:<\/p>\n<div style=\"text-align: justify;\">\n<div style=\"height: 20px;\"><\/div>\n<p><iframe src=\"https:\/\/www.youtube.com\/embed\/9nUedAEjOos\" width=\"100%\" height=\"512\" frameborder=\"0\" allowfullscreen=\"allowfullscreen\"><\/iframe><\/p>\n<div style=\"text-align: justify;\">\n<div style=\"height: 20px;\"><\/div>\n<p>No filme, um fazedor de bonecos e sua mulher, que perderam a filha em um tr\u00e1gico acidente, disponibilizam sua casa para uma freira e um grupo de garotas de um orfanato, por\u00e9m estas acabam se tornando alvo da cria\u00e7\u00e3o do marido, a boneca Annabelle.<\/p>\n<div style=\"text-align: justify;\">\n<div style=\"height: 20px;\"><\/div>\n<p>O elenco do filme \u00e9 composto por <strong>Javier Botet<\/strong> (&#8220;Invoca\u00e7\u00e3o do Mal 2&#8221;), <strong>Miranda Otto<\/strong> (&#8220;Frankenstein: Entre Anjos e Dem\u00f4nios&#8221;), <strong>Stephanie Sigman<\/strong> (&#8220;007 Contra Spectre&#8221;), <strong>Talitha Bateman<\/strong> (&#8220;A 5\u00aa Onda&#8221;) e <strong>Anthony LaPaglia<\/strong> (&#8220;Toy Gun&#8221;).<\/p>\n<div style=\"text-align: justify;\">\n<div style=\"height: 20px;\"><\/div>\n<p>&#8220;<strong>Annabelle 2: A Cria\u00e7\u00e3o do Mal<\/strong>&#8221; tem previs\u00e3o de estreia para o dia 17 de agosto no Brasil.<\/p>\n<\/div>\n<\/div>\n<\/div>\n<\/div>\n<\/div>","protected":false},"excerpt":{"rendered":"<p>O filme tem previs\u00e3o de estreia para o dia 17 de agosto no Brasil. <\/p>","protected":false},"author":1,"featured_media":31054,"comment_status":"open","ping_status":"open","sticky":false,"template":"","format":"standard","meta":{"_exactmetrics_skip_tracking":false,"_exactmetrics_sitenote_active":false,"_exactmetrics_sitenote_note":"","_exactmetrics_sitenote_category":0,"footnotes":""},"categories":[1],"tags":[8790,8791,8795,7914,8792,882,8793,8794],"_links":{"self":[{"href":"https:\/\/www.cinemaup.com.br\/en\/wp-json\/wp\/v2\/posts\/31044"}],"collection":[{"href":"https:\/\/www.cinemaup.com.br\/en\/wp-json\/wp\/v2\/posts"}],"about":[{"href":"https:\/\/www.cinemaup.com.br\/en\/wp-json\/wp\/v2\/types\/post"}],"author":[{"embeddable":true,"href":"https:\/\/www.cinemaup.com.br\/en\/wp-json\/wp\/v2\/users\/1"}],"replies":[{"embeddable":true,"href":"https:\/\/www.cinemaup.com.br\/en\/wp-json\/wp\/v2\/comments?post=31044"}],"version-history":[{"count":0,"href":"https:\/\/www.cinemaup.com.br\/en\/wp-json\/wp\/v2\/posts\/31044\/revisions"}],"wp:featuredmedia":[{"embeddable":true,"href":"https:\/\/www.cinemaup.com.br\/en\/wp-json\/wp\/v2\/media\/31054"}],"wp:attachment":[{"href":"https:\/\/www.cinemaup.com.br\/en\/wp-json\/wp\/v2\/media?parent=31044"}],"wp:term":[{"taxonomy":"category","embeddable":true,"href":"https:\/\/www.cinemaup.com.br\/en\/wp-json\/wp\/v2\/categories?post=31044"},{"taxonomy":"post_tag","embeddable":true,"href":"https:\/\/www.cinemaup.com.br\/en\/wp-json\/wp\/v2\/tags?post=31044"}],"curies":[{"name":"wp","href":"https:\/\/api.w.org\/{rel}","templated":true}]}}