{"id":31500,"date":"2017-04-12T19:14:45","date_gmt":"2017-04-12T22:14:45","guid":{"rendered":"http:\/\/pipocadepimenta.com\/?p=31500"},"modified":"2017-04-13T14:23:38","modified_gmt":"2017-04-13T17:23:38","slug":"tycho-nestoris-aparecera-game-of-thrones","status":"publish","type":"post","link":"https:\/\/www.cinemaup.com.br\/en\/tycho-nestoris-aparecera-game-of-thrones\/","title":{"rendered":"Tycho Nestoris aparecer\u00e1 em mais dois epis\u00f3dios de &#8220;Game of Thrones&#8221;"},"content":{"rendered":"<div style=\"text-align: justify;\">\nO ator <strong>Mark Gatiss<\/strong> deu a entender que veremos mais de seu personagem <strong>Tycho Nestoris<\/strong> em &#8220;<strong>Game of Thrones<\/strong>&#8220;. Em entrevista ao site <a href=\"http:\/\/www.express.co.uk\/showbiz\/tv-radio\/789886\/Game-of-Thrones-season-7-Mark-Gatiss-spoiler-Tycho-Nestoris-HBO\">Express<\/a>, Gatiss admitiu ter participado de pelo menos quatro epis\u00f3dios da s\u00e9rie at\u00e9 agora.<\/p>\n<div style=\"height: 20px;\"><\/div>\n<p><em>&#8220;Eu realmente n\u00e3o sei o que ir\u00e1 acontecer. As pessoas me perguntam isso, aquilo e aquela outra coisa, mas n\u00e3o tenho ideia. Eu filmei quatro epis\u00f3dios agora e ter\u00e3o mais dois, eles acham. \u00c9 uma grande saga e n\u00e3o sei e at\u00e9 prefiro assim. Mas eu me diverti bastante. A minha \u00faltima cena, eu provavelmente n\u00e3o posso dizer porque seria um spoiler, certo?\u201c<\/em>, contou.<\/p>\n<div style=\"height: 20px;\"><\/div>\n<p>O ator j\u00e1 participou de dois epis\u00f3dios, uma na quarta e outro na quinta temporada. A s\u00e9tima temporada de &#8220;<strong>Game of Thrones<\/strong>&#8221; estreia dia 16 de julho na <strong>HBO<\/strong>.<\/p>\n<div style=\"height: 20px;\"><\/div>\n<p><img fetchpriority=\"high\" decoding=\"async\" class=\"aligncenter size-large wp-image-31501\" src=\"http:\/\/pipocadepimenta.com\/wp-content\/uploads\/2017\/04\/tycho-nestoris-1024x576.jpg\" alt=\"\" width=\"1024\" height=\"576\" srcset=\"https:\/\/www.cinemaup.com.br\/wp-content\/uploads\/2017\/04\/tycho-nestoris-1024x576.jpg 1024w, https:\/\/www.cinemaup.com.br\/wp-content\/uploads\/2017\/04\/tycho-nestoris-150x84.jpg 150w, https:\/\/www.cinemaup.com.br\/wp-content\/uploads\/2017\/04\/tycho-nestoris-320x180.jpg 320w, https:\/\/www.cinemaup.com.br\/wp-content\/uploads\/2017\/04\/tycho-nestoris.jpg 1280w\" sizes=\"(max-width: 1024px) 100vw, 1024px\" \/><\/p>\n<\/div>","protected":false},"excerpt":{"rendered":"<p>O ator contou que participou de quatro epis\u00f3dios at\u00e9 agora e pode aparecer em mais.<\/p>","protected":false},"author":42,"featured_media":26083,"comment_status":"open","ping_status":"open","sticky":false,"template":"","format":"standard","meta":{"_exactmetrics_skip_tracking":false,"_exactmetrics_sitenote_active":false,"_exactmetrics_sitenote_note":"","_exactmetrics_sitenote_category":0,"footnotes":""},"categories":[1],"tags":[7791,5926,3009,7790,1138,7797,6244,9078,6672,9079,9080],"_links":{"self":[{"href":"https:\/\/www.cinemaup.com.br\/en\/wp-json\/wp\/v2\/posts\/31500"}],"collection":[{"href":"https:\/\/www.cinemaup.com.br\/en\/wp-json\/wp\/v2\/posts"}],"about":[{"href":"https:\/\/www.cinemaup.com.br\/en\/wp-json\/wp\/v2\/types\/post"}],"author":[{"embeddable":true,"href":"https:\/\/www.cinemaup.com.br\/en\/wp-json\/wp\/v2\/users\/42"}],"replies":[{"embeddable":true,"href":"https:\/\/www.cinemaup.com.br\/en\/wp-json\/wp\/v2\/comments?post=31500"}],"version-history":[{"count":0,"href":"https:\/\/www.cinemaup.com.br\/en\/wp-json\/wp\/v2\/posts\/31500\/revisions"}],"wp:featuredmedia":[{"embeddable":true,"href":"https:\/\/www.cinemaup.com.br\/en\/wp-json\/wp\/v2\/media\/26083"}],"wp:attachment":[{"href":"https:\/\/www.cinemaup.com.br\/en\/wp-json\/wp\/v2\/media?parent=31500"}],"wp:term":[{"taxonomy":"category","embeddable":true,"href":"https:\/\/www.cinemaup.com.br\/en\/wp-json\/wp\/v2\/categories?post=31500"},{"taxonomy":"post_tag","embeddable":true,"href":"https:\/\/www.cinemaup.com.br\/en\/wp-json\/wp\/v2\/tags?post=31500"}],"curies":[{"name":"wp","href":"https:\/\/api.w.org\/{rel}","templated":true}]}}