{"id":32056,"date":"2017-04-28T13:33:42","date_gmt":"2017-04-28T16:33:42","guid":{"rendered":"http:\/\/pipocadepimenta.com\/?p=32056"},"modified":"2017-05-02T13:17:18","modified_gmt":"2017-05-02T16:17:18","slug":"alienigenas-rihanna-e-parceiros-intergalaticos-aparecem-em-novo-cartaz-de-valerian-e-a-cidade-dos-mil-planetas","status":"publish","type":"post","link":"https:\/\/www.cinemaup.com.br\/en\/alienigenas-rihanna-e-parceiros-intergalaticos-aparecem-em-novo-cartaz-de-valerian-e-a-cidade-dos-mil-planetas\/","title":{"rendered":"Alien\u00edgenas, Rihanna e parceiros intergal\u00e1ticos aparecem em novo cartaz de &#8220;Valerian e a Cidade dos Mil Planetas&#8221;"},"content":{"rendered":"<div style=\"text-align: justify;\">\n<p>O filme &#8220;<a href=\"http:\/\/pipocadepimenta.com\/cinemundo\/noticias\/filme-valerian-cidade-dos-mil-planetas-mais-caro-historia-franca\/\"><strong>Valerian e a Cidade dos Mil Planetas<\/strong><\/a>&#8221; ganhou um <a href=\"http:\/\/pipocadepimenta.com\/cinemundo\/noticias\/valerian-cidade-dos-mil-planetas-ganha-novo-cartaz-nacional\/\">novo p\u00f4ster<\/a>, que mostra a personagem de<strong> Rihanna, Dane DeHaan <\/strong>e<strong> Cara Delevingne<\/strong>, al\u00e9m de mostrar alguns dos alien\u00edgenas que far\u00e3o parte do longa. Confira a seguir:<\/p>\n<div style=\"text-align: justify;\">\n<div style=\"height: 20px;\"><\/div>\n<p><img fetchpriority=\"high\" decoding=\"async\" class=\"size-large wp-image-32067 aligncenter\" src=\"http:\/\/pipocadepimenta.com\/wp-content\/uploads\/2017\/04\/valerianposter28abril-691x1024.jpg\" alt=\"\" width=\"691\" height=\"1024\" srcset=\"https:\/\/www.cinemaup.com.br\/wp-content\/uploads\/2017\/04\/valerianposter28abril-691x1024.jpg 691w, https:\/\/www.cinemaup.com.br\/wp-content\/uploads\/2017\/04\/valerianposter28abril-101x150.jpg 101w, https:\/\/www.cinemaup.com.br\/wp-content\/uploads\/2017\/04\/valerianposter28abril-216x320.jpg 216w, https:\/\/www.cinemaup.com.br\/wp-content\/uploads\/2017\/04\/valerianposter28abril.jpg 700w\" sizes=\"(max-width: 691px) 100vw, 691px\" \/><\/p>\n<div style=\"text-align: justify;\">\n<p style=\"text-align: center;\">Cr\u00e9ditos: Divulga\u00e7\u00e3o do filme &#8220;<strong>Valerian e a Cidade dos Mil Planetas<\/strong>&#8220;.<\/p>\n<div style=\"text-align: justify;\">\n<div style=\"height: 20px;\"><\/div>\n<p>A trama conta a hist\u00f3ria de Valerian e sua parceira Laureline, agentes de territ\u00f3rios humanos que trabalham para o governo, sendo respons\u00e1veis por manter a manuten\u00e7\u00e3o da ordem no universo. Ambos devem realizar uma miss\u00e3o na cidade intergal\u00e1tica Alpha, onde residem diversas esp\u00e9cies de todo o universo.<\/p>\n<div style=\"text-align: justify;\">\n<div style=\"height: 20px;\"><\/div>\n<p>O elenco do longa conta com <strong>Dane DeHaan<\/strong> (&#8220;<strong>O Espetacular Homem-Aranha 2<\/strong>&#8220;), <strong>Cara Delevingne<\/strong> (&#8220;<strong>Cidades de Papel<\/strong>&#8220;), <strong>Ethan Hawke<\/strong> (&#8220;<strong>Sete Homens e um Destino<\/strong>&#8220;), <strong>John Goodman<\/strong> (&#8220;<strong>Kong: A Ilha da Caveira<\/strong>&#8220;) e a cantora <strong>Rihanna<\/strong>.<\/p>\n<div style=\"text-align: justify;\">\n<div style=\"height: 20px;\"><\/div>\n<p><a href=\"http:\/\/pipocadepimenta.com\/cinemundo\/noticias\/novos-mundos-apresentados-novo-trailer-valerian-cidade-dos-mil-planetas\/\">&#8220;<strong>Valerian e a Cidade dos Mil Planetas<\/strong>&#8220;<\/a> estr\u00e9ia dia 10 de agosto.\n<\/div>\n<\/div>\n<\/div>\n<\/div>\n<\/div>","protected":false},"excerpt":{"rendered":"<p>Filme estreia dia 10 de agosto nos cinemas. <\/p>","protected":false},"author":1,"featured_media":32071,"comment_status":"open","ping_status":"open","sticky":false,"template":"","format":"standard","meta":{"_exactmetrics_skip_tracking":false,"_exactmetrics_sitenote_active":false,"_exactmetrics_sitenote_note":"","_exactmetrics_sitenote_category":0,"footnotes":""},"categories":[1],"tags":[1930,730,9442,316,3481,8488,8489],"_links":{"self":[{"href":"https:\/\/www.cinemaup.com.br\/en\/wp-json\/wp\/v2\/posts\/32056"}],"collection":[{"href":"https:\/\/www.cinemaup.com.br\/en\/wp-json\/wp\/v2\/posts"}],"about":[{"href":"https:\/\/www.cinemaup.com.br\/en\/wp-json\/wp\/v2\/types\/post"}],"author":[{"embeddable":true,"href":"https:\/\/www.cinemaup.com.br\/en\/wp-json\/wp\/v2\/users\/1"}],"replies":[{"embeddable":true,"href":"https:\/\/www.cinemaup.com.br\/en\/wp-json\/wp\/v2\/comments?post=32056"}],"version-history":[{"count":0,"href":"https:\/\/www.cinemaup.com.br\/en\/wp-json\/wp\/v2\/posts\/32056\/revisions"}],"wp:featuredmedia":[{"embeddable":true,"href":"https:\/\/www.cinemaup.com.br\/en\/wp-json\/wp\/v2\/media\/32071"}],"wp:attachment":[{"href":"https:\/\/www.cinemaup.com.br\/en\/wp-json\/wp\/v2\/media?parent=32056"}],"wp:term":[{"taxonomy":"category","embeddable":true,"href":"https:\/\/www.cinemaup.com.br\/en\/wp-json\/wp\/v2\/categories?post=32056"},{"taxonomy":"post_tag","embeddable":true,"href":"https:\/\/www.cinemaup.com.br\/en\/wp-json\/wp\/v2\/tags?post=32056"}],"curies":[{"name":"wp","href":"https:\/\/api.w.org\/{rel}","templated":true}]}}