{"id":32151,"date":"2017-05-02T16:28:14","date_gmt":"2017-05-02T19:28:14","guid":{"rendered":"http:\/\/pipocadepimenta.com\/?p=32151"},"modified":"2017-05-02T16:29:21","modified_gmt":"2017-05-02T19:29:21","slug":"teaser-defensores-volta-personagem-demolidor","status":"publish","type":"post","link":"https:\/\/www.cinemaup.com.br\/en\/teaser-defensores-volta-personagem-demolidor\/","title":{"rendered":"Novo teaser de &#8220;Os Defensores&#8221; indica volta de personagem de &#8220;Demolidor&#8221;"},"content":{"rendered":"<div style=\"text-align: justify;\">\n<p>A s\u00e9rie da <strong>Netflix<\/strong>,<strong> &#8220;Os Defensores&#8221;<\/strong>, que junta os her\u00f3is <strong>Demolidor, Jessica Jones, <a href=\"http:\/\/pipocadepimenta.com\/cinemundo\/noticias\/data-inicio-gravacoes-segunda-temporada-luke-cage\/\" target=\"_blank\" rel=\"noopener noreferrer\">Luke Cage<\/a> <\/strong>e<a href=\"http:\/\/pipocadepimenta.com\/criticas\/punho-de-ferro-apresenta-problemas-de-narrativa-e-producao\/\" target=\"_blank\" rel=\"noopener noreferrer\"><strong> Punho de Ferro<\/strong><\/a>, ganhou um novo <a href=\"http:\/\/pipocadepimenta.com\/cinemundo\/noticias\/data-lancamento-serie-os-defensores-revelada-novo-video-com-personagens\/\" target=\"_blank\" rel=\"noopener noreferrer\">teaser<\/a>.<\/p>\n<div style=\"text-align: justify;\">\n<div style=\"height: 20px;\"><\/div>\n<p><strong>CUIDADO,<\/strong> a partir daqui o conte\u00fado possui spoiler da segunda temporada de &#8220;Demolidor&#8221;.<\/p>\n<div style=\"text-align: justify;\">\n<div style=\"height: 20px;\"><\/div>\n<p>O v\u00eddeo indica a ressurrei\u00e7\u00e3o da personagem <strong>Elektra<\/strong>, interpretada por <strong>Elodie Yung<\/strong>.<\/p>\n<div style=\"text-align: justify;\">\n<div style=\"height: 20px;\"><\/div>\n<blockquote class=\"twitter-video\" data-lang=\"pt\">\n<p dir=\"ltr\" lang=\"en\">Oh, great. <a href=\"https:\/\/twitter.com\/hashtag\/DEFEND?src=hash\">#DEFEND<\/a> <a href=\"https:\/\/t.co\/PT4ldeiFRP\">pic.twitter.com\/PT4ldeiFRP<\/a><\/p>\n<p>\u2014 The Defenders (@TheDefenders) <a href=\"https:\/\/twitter.com\/TheDefenders\/status\/859422235735359489\">2 de maio de 2017<\/a><\/p><\/blockquote>\n<p><script async src=\"\/\/platform.twitter.com\/widgets.js\" charset=\"utf-8\"><\/script><\/p>\n<div style=\"text-align: justify;\">\n<div style=\"height: 20px;\"><\/div>\n<p>No \u00faltimo epis\u00f3dio de &#8220;Demolidor&#8221;, Elektra e Matt Murdock lutam contra Nobu e os ninjas do Tent\u00e1culo, at\u00e9 que Elektra sacrifica sua vida para salvar Matt. Sua volta n\u00e3o \u00e9 novidade, pois \u00e9 sabido que o <strong>Tent\u00e1culo<\/strong> tem o poder de ressuscitar pessoas &#8211; sendo isso visto no pr\u00f3prio &#8220;Demolidor&#8221; e mais para frente em &#8220;Punho de Ferro&#8221; &#8211; e a personagem \u00e9 <strong>O C\u00e9u Negro<\/strong>, a pessoa lend\u00e1ria que daria mais poderes ao grupo.<\/p>\n<div style=\"text-align: justify;\">\n<div style=\"height: 20px;\"><\/div>\n<p>A s\u00e9rie conta no elenco<strong> Charlie Cox<\/strong> (&#8220;Demolidor&#8221;),<strong> Krysten Ritter<\/strong> (&#8220;Jessica Jones&#8221;), <strong>Mike Colter<\/strong> (&#8220;Luke Cage&#8221;), <strong>Finn Jones<\/strong> (&#8220;Punho de Ferro&#8221;),<a href=\"http:\/\/pipocadepimenta.com\/cinemundo\/noticias\/anunciada-a-atriz-que-fara-vila-em-os-defensores\/\" target=\"_blank\" rel=\"noopener noreferrer\">\u00a0<strong>Sigourney Weaver<\/strong><\/a> (&#8220;Ca\u00e7a-Fantasmas&#8221;), <strong>Elodie Yung<\/strong> (&#8220;Punho de Ferro&#8221;), <strong>Rosario Dawson<\/strong> (que interpreta a enfermeira Claire Temple, que aparece nas quatro s\u00e9ries dos hero\u00eds), <strong>Elden Henson<\/strong> (&#8220;Demolidor&#8221;), <strong>Simone Missick<\/strong> (&#8220;Luke Cage&#8221;) e <strong>Rachael Taylor<\/strong> (&#8220;Jessica Jones&#8221;).<\/p>\n<div style=\"text-align: justify;\">\n<div style=\"height: 20px;\"><\/div>\n<p><strong>&#8220;Os Defensores&#8221;<\/strong> estreia dia 18 de agosto na Netflix.<\/p>\n<\/div>\n<\/div>\n<\/div>\n<\/div>\n<\/div>\n<\/div>\n<\/div>","protected":false},"excerpt":{"rendered":"<p>A s\u00e9rie estreia dia 18 de agosto.<\/p>","protected":false},"author":46,"featured_media":32153,"comment_status":"open","ping_status":"open","sticky":false,"template":"","format":"standard","meta":{"_exactmetrics_skip_tracking":false,"_exactmetrics_sitenote_active":false,"_exactmetrics_sitenote_note":"","_exactmetrics_sitenote_category":0,"footnotes":""},"categories":[1],"tags":[1644,9504,3012,9503,5613,1413,99,4979,1648,5681,9506,1243,5685,9505,9490],"_links":{"self":[{"href":"https:\/\/www.cinemaup.com.br\/en\/wp-json\/wp\/v2\/posts\/32151"}],"collection":[{"href":"https:\/\/www.cinemaup.com.br\/en\/wp-json\/wp\/v2\/posts"}],"about":[{"href":"https:\/\/www.cinemaup.com.br\/en\/wp-json\/wp\/v2\/types\/post"}],"author":[{"embeddable":true,"href":"https:\/\/www.cinemaup.com.br\/en\/wp-json\/wp\/v2\/users\/46"}],"replies":[{"embeddable":true,"href":"https:\/\/www.cinemaup.com.br\/en\/wp-json\/wp\/v2\/comments?post=32151"}],"version-history":[{"count":0,"href":"https:\/\/www.cinemaup.com.br\/en\/wp-json\/wp\/v2\/posts\/32151\/revisions"}],"wp:featuredmedia":[{"embeddable":true,"href":"https:\/\/www.cinemaup.com.br\/en\/wp-json\/wp\/v2\/media\/32153"}],"wp:attachment":[{"href":"https:\/\/www.cinemaup.com.br\/en\/wp-json\/wp\/v2\/media?parent=32151"}],"wp:term":[{"taxonomy":"category","embeddable":true,"href":"https:\/\/www.cinemaup.com.br\/en\/wp-json\/wp\/v2\/categories?post=32151"},{"taxonomy":"post_tag","embeddable":true,"href":"https:\/\/www.cinemaup.com.br\/en\/wp-json\/wp\/v2\/tags?post=32151"}],"curies":[{"name":"wp","href":"https:\/\/api.w.org\/{rel}","templated":true}]}}