{"id":32295,"date":"2017-05-04T18:26:33","date_gmt":"2017-05-04T21:26:33","guid":{"rendered":"http:\/\/supercinemaup.com\/?p=32295"},"modified":"2017-05-04T18:27:29","modified_gmt":"2017-05-04T21:27:29","slug":"warner-logo-aquaman","status":"publish","type":"post","link":"https:\/\/www.cinemaup.com.br\/en\/warner-logo-aquaman\/","title":{"rendered":"Warner divulga logo oficial de &#8220;Aquaman&#8221;"},"content":{"rendered":"<div style=\"text-align: justify;\">\n<p>A <strong>Warner Bros.<\/strong> comunicou o in\u00edcio da produ\u00e7\u00e3o do filme <strong>&#8220;Aquaman&#8221;<\/strong> divulgando o logo oficial do filme.<\/p>\n<div style=\"text-align: justify;\">\n<div style=\"height: 20px;\"><\/div>\n<p>Nesse filme, Aquaman est\u00e1 dividindo os dilemas do mundo da superf\u00edcie e o reino aqu\u00e1tico de Atlantis, do qual ele \u00e9 rei. Aproveitando-se da revolta de alguns atlantes com a vida dupla de Arthur Curry, Orm tentar\u00e1 apoderar-se do poder de seu irm\u00e3o.<\/p>\n<div style=\"text-align: justify;\">\n<div style=\"height: 20px;\"><\/div>\n<p style=\"text-align: center;\"><img fetchpriority=\"high\" decoding=\"async\" class=\"size-full wp-image-32298 aligncenter\" src=\"http:\/\/supercinemaup.com\/wp-content\/uploads\/2017\/05\/aquaman-super-cinema-up-logo-jason-momoa-warner.jpg\" alt=\"\" width=\"3000\" height=\"2071\" srcset=\"https:\/\/www.cinemaup.com.br\/wp-content\/uploads\/2017\/05\/aquaman-super-cinema-up-logo-jason-momoa-warner.jpg 2048w, https:\/\/www.cinemaup.com.br\/wp-content\/uploads\/2017\/05\/aquaman-super-cinema-up-logo-jason-momoa-warner-150x104.jpg 150w, https:\/\/www.cinemaup.com.br\/wp-content\/uploads\/2017\/05\/aquaman-super-cinema-up-logo-jason-momoa-warner-320x221.jpg 320w, https:\/\/www.cinemaup.com.br\/wp-content\/uploads\/2017\/05\/aquaman-super-cinema-up-logo-jason-momoa-warner-1024x707.jpg 1024w\" sizes=\"(max-width: 3000px) 100vw, 3000px\" \/>Cr\u00e9ditos: Warner Bros.<\/p>\n<div style=\"text-align: justify;\">\n<div style=\"height: 20px;\"><\/div>\n<p>O elenco conta com <strong>Jason Momoa<\/strong> (s\u00e9rie &#8220;Frontier&#8221;) como Arthur Curry, <strong>Amber Heard<\/strong> (&#8220;A Garota Dinamarquesa&#8221;) como Mera, <strong>Patrick Wilson<\/strong> (&#8220;Invoca\u00e7\u00e3o do Mal 2&#8221;) como Orm Marius\/Mestre do Oceano, <strong>Willem Dafoe<\/strong> (&#8220;Meu Amigo Hindu&#8221;) como Vulko, <strong>Temuera Morrison<\/strong> (&#8220;Star Wars: Epis\u00f3dio II &#8211; Ataque dos Clones&#8221;) como Tom Curry, <strong>Dolph Lundgren<\/strong> (&#8220;Os Mercen\u00e1rios&#8221;) como Nereus, <strong>Yahya Abdul-Mateen II<\/strong> (s\u00e9rie &#8220;The Get Down&#8221;) como Arraia Negra e <strong>Nicole Kidman<\/strong> (&#8220;Lion&#8221;) como Atlanta. O longa \u00e9 dirigido por<strong> James Wan<\/strong> (&#8220;Jogos Mortais&#8221;).<\/p>\n<div style=\"text-align: justify;\">\n<div style=\"height: 20px;\"><\/div>\n<p><strong>&#8220;Aquaman&#8221;<\/strong> estreia dia 28 de dezembro de 2018. Lembrando que o personagem ir\u00e1 aparecer antes em<strong> &#8220;Liga da Justi\u00e7a&#8221;<\/strong> que estreia dia 16 de novembro.<\/p>\n<\/div>\n<\/div>\n<\/div>\n<\/div>\n<\/div>","protected":false},"excerpt":{"rendered":"<p>A produ\u00e7\u00e3o do filme j\u00e1 foi iniciada.<\/p>","protected":false},"author":46,"featured_media":32300,"comment_status":"open","ping_status":"open","sticky":false,"template":"","format":"standard","meta":{"_exactmetrics_skip_tracking":false,"_exactmetrics_sitenote_active":false,"_exactmetrics_sitenote_note":"","_exactmetrics_sitenote_category":0,"footnotes":""},"categories":[1],"tags":[6640,3869,7470,9596,1588,6864,125,4251,9490,9595,2364,392,6641],"_links":{"self":[{"href":"https:\/\/www.cinemaup.com.br\/en\/wp-json\/wp\/v2\/posts\/32295"}],"collection":[{"href":"https:\/\/www.cinemaup.com.br\/en\/wp-json\/wp\/v2\/posts"}],"about":[{"href":"https:\/\/www.cinemaup.com.br\/en\/wp-json\/wp\/v2\/types\/post"}],"author":[{"embeddable":true,"href":"https:\/\/www.cinemaup.com.br\/en\/wp-json\/wp\/v2\/users\/46"}],"replies":[{"embeddable":true,"href":"https:\/\/www.cinemaup.com.br\/en\/wp-json\/wp\/v2\/comments?post=32295"}],"version-history":[{"count":0,"href":"https:\/\/www.cinemaup.com.br\/en\/wp-json\/wp\/v2\/posts\/32295\/revisions"}],"wp:featuredmedia":[{"embeddable":true,"href":"https:\/\/www.cinemaup.com.br\/en\/wp-json\/wp\/v2\/media\/32300"}],"wp:attachment":[{"href":"https:\/\/www.cinemaup.com.br\/en\/wp-json\/wp\/v2\/media?parent=32295"}],"wp:term":[{"taxonomy":"category","embeddable":true,"href":"https:\/\/www.cinemaup.com.br\/en\/wp-json\/wp\/v2\/categories?post=32295"},{"taxonomy":"post_tag","embeddable":true,"href":"https:\/\/www.cinemaup.com.br\/en\/wp-json\/wp\/v2\/tags?post=32295"}],"curies":[{"name":"wp","href":"https:\/\/api.w.org\/{rel}","templated":true}]}}