{"id":32703,"date":"2017-05-12T15:09:10","date_gmt":"2017-05-12T18:09:10","guid":{"rendered":"http:\/\/supercinemaup.com\/?p=32703"},"modified":"2017-05-12T15:09:10","modified_gmt":"2017-05-12T18:09:10","slug":"serie-carcereiros-primeiro-teaser","status":"publish","type":"post","link":"https:\/\/www.cinemaup.com.br\/en\/serie-carcereiros-primeiro-teaser\/","title":{"rendered":"S\u00e9rie &#8220;Carcereiros&#8221; tem seu primeiro teaser divulgado"},"content":{"rendered":"<div style=\"text-align: justify;\">\n<p>A nova s\u00e9rie da emissora\u00a0<strong>Globo<\/strong>, <strong>&#8220;Carcereiros<\/strong>&#8221; &#8211;<a href=\"http:\/\/supercinemaup.com\/cinemundo\/noticias\/serie-nacional-premiada-cannes\/\" target=\"_blank\" rel=\"noopener noreferrer\"> vencedora do pr\u00eamio do festival MIPDrama Screenings na categoria Full Episode<\/a> -, teve seu teaser \u00a0divulgado ontem (11). O v\u00eddeo \u00e9 narrado por <strong>\u00a0Drauzio Varella<\/strong>, autor do livro hom\u00f4nimo em que a s\u00e9rie \u00e9 baseada. Confira.<\/p>\n<div style=\"text-align: justify;\">\n<div style=\"height: 20px;\"><\/div>\n<p><iframe style=\"border: none; overflow: hidden;\" src=\"https:\/\/www.facebook.com\/plugins\/video.php?href=https%3A%2F%2Fwww.facebook.com%2FRedeGlobo%2Fvideos%2F1386451988117844%2F&amp;show_text=0&amp;width=560\" width=\"560\" height=\"315\" frameborder=\"0\" scrolling=\"no\" allowfullscreen=\"allowfullscreen\"><\/iframe><\/p>\n<div style=\"text-align: justify;\">\n<div style=\"height: 20px;\"><\/div>\n<p>A s\u00e9rie conta a hist\u00f3ria de Adriano (<strong>Rodrigo Lombardi<\/strong>), um profissional encarregado pela guarda dos presos e que vive as dificuldades do encarceramento: a dele e a dos presidi\u00e1rios. Na trama, Adriano \u00e9 um carcereiro respons\u00e1vel por passar o cadeado e controlar todo acesso \u00e0s celas de um pres\u00eddio. \u00cdntegro e avesso \u00e0 viol\u00eancia, ele tem na palavra sua maior arma. Dela se vale para garantir o m\u00ednimo de tranquilidade no ambiente de trabalho, enquanto os dilemas em casa tomam propor\u00e7\u00f5es inesperadas at\u00e9 mesmo para quem est\u00e1 habituado a lidar com situa\u00e7\u00f5es extremas. Em meio ao contexto de risco que enfrenta na pris\u00e3o, ele ainda precisa buscar maneiras de lidar com as cobran\u00e7as da sua mulher que quer ter um filho, com sua filha adolescente, e com seu pai que tamb\u00e9m foi carcereiro. Colocado diariamente diante de dilemas \u00e9ticos e morais, o carcereiro vive entre muros, grades, armas, amea\u00e7as e conflitos \u2013 humanos e psicol\u00f3gicos.<\/p>\n<div style=\"text-align: justify;\">\n<div style=\"height: 20px;\"><\/div>\n<p>A s\u00e9rie \u00e9 dirigida por cineasta<strong> Jos\u00e9 Eduardo Belmonte<\/strong> e coproduzido pelos <strong>Irm\u00e3os Gullane<\/strong> e pela <strong>Spray Films<\/strong>. J\u00e1 o roteiro fica por conta <strong>Mar\u00e7al Aquino, Fernando Bonassi <\/strong>e<strong> Dennison Ramalho<\/strong>, com colabora\u00e7\u00e3o de <strong>Marcelo Starobinas<\/strong>.<\/p>\n<div style=\"text-align: justify;\">\n<div style=\"height: 20px;\"><\/div>\n<p><strong>&#8220;Carcereiros&#8221;<\/strong> estreia no<strong> Globo Play<\/strong> dia 5 de junho e vai ao ar em 2018.<\/p>\n<\/div>\n<\/div>\n<\/div>\n<\/div>\n<\/div>","protected":false},"excerpt":{"rendered":"<p>Baseada no livro hom\u00f4nimo de Drauzio Varella.<\/p>","protected":false},"author":46,"featured_media":31060,"comment_status":"open","ping_status":"open","sticky":false,"template":"","format":"standard","meta":{"_exactmetrics_skip_tracking":false,"_exactmetrics_sitenote_active":false,"_exactmetrics_sitenote_note":"","_exactmetrics_sitenote_category":0,"footnotes":""},"categories":[1],"tags":[8800,8809,8801,8808,5297,8811,8805,8804,8807,8810,8802,8806,9490,9751],"_links":{"self":[{"href":"https:\/\/www.cinemaup.com.br\/en\/wp-json\/wp\/v2\/posts\/32703"}],"collection":[{"href":"https:\/\/www.cinemaup.com.br\/en\/wp-json\/wp\/v2\/posts"}],"about":[{"href":"https:\/\/www.cinemaup.com.br\/en\/wp-json\/wp\/v2\/types\/post"}],"author":[{"embeddable":true,"href":"https:\/\/www.cinemaup.com.br\/en\/wp-json\/wp\/v2\/users\/46"}],"replies":[{"embeddable":true,"href":"https:\/\/www.cinemaup.com.br\/en\/wp-json\/wp\/v2\/comments?post=32703"}],"version-history":[{"count":0,"href":"https:\/\/www.cinemaup.com.br\/en\/wp-json\/wp\/v2\/posts\/32703\/revisions"}],"wp:featuredmedia":[{"embeddable":true,"href":"https:\/\/www.cinemaup.com.br\/en\/wp-json\/wp\/v2\/media\/31060"}],"wp:attachment":[{"href":"https:\/\/www.cinemaup.com.br\/en\/wp-json\/wp\/v2\/media?parent=32703"}],"wp:term":[{"taxonomy":"category","embeddable":true,"href":"https:\/\/www.cinemaup.com.br\/en\/wp-json\/wp\/v2\/categories?post=32703"},{"taxonomy":"post_tag","embeddable":true,"href":"https:\/\/www.cinemaup.com.br\/en\/wp-json\/wp\/v2\/tags?post=32703"}],"curies":[{"name":"wp","href":"https:\/\/api.w.org\/{rel}","templated":true}]}}