{"id":62810,"date":"2017-06-27T12:43:35","date_gmt":"2017-06-27T15:43:35","guid":{"rendered":"http:\/\/supercinemaup.com\/?p=62810"},"modified":"2017-06-27T12:44:18","modified_gmt":"2017-06-27T15:44:18","slug":"imagens-do-set-de-deadpool-2-mostram-o-heroi-em-uma-festa-de-aniversario","status":"publish","type":"post","link":"https:\/\/www.cinemaup.com.br\/en\/imagens-do-set-de-deadpool-2-mostram-o-heroi-em-uma-festa-de-aniversario\/","title":{"rendered":"Imagens do set de &#8220;Deadpool 2&#8221; mostram o her\u00f3i em uma festa de anivers\u00e1rio"},"content":{"rendered":"<p>[et_pb_section admin_label=&#8221;section&#8221;][et_pb_row admin_label=&#8221;row&#8221;][et_pb_column type=&#8221;4_4&#8243;][et_pb_text admin_label=&#8221;Texto&#8221; background_layout=&#8221;light&#8221; text_orientation=&#8221;justified&#8221; use_border_color=&#8221;off&#8221; border_color=&#8221;#ffffff&#8221; border_style=&#8221;solid&#8221;]<\/p>\n<p>Foram divulgadas algumas imagens das grava\u00e7\u00f5es de &#8220;<strong>Deadpool 2<\/strong>&#8220;, e nelas vemos o Mercen\u00e1rio Tagarela em uma festa de anivers\u00e1rio, al\u00e9m de vermos em uma delas a claquete do filme, postada pelo ator <strong>Ryan Reynolds<\/strong> em seu <strong>Instagram<\/strong>. O filme estreia no ano que vem, e ter\u00e1\u00a0<strong>Reynolds<\/strong> interpretando novamente \u00a0o personagem Wade Wilson, vulgo Deadpool. Confira as imagens a seguir:<\/p>\n<p>&nbsp;<\/p>\n<p>[\/et_pb_text][et_pb_gallery admin_label=&#8221;Galeria&#8221; gallery_ids=&#8221;62816,62827,62818,62829,62814,62820,62817,62819,62831,62830,62812,62813&#8243; fullwidth=&#8221;off&#8221; posts_number=&#8221;12&#8243; show_title_and_caption=&#8221;off&#8221; show_pagination=&#8221;on&#8221; background_layout=&#8221;light&#8221; auto=&#8221;off&#8221; hover_overlay_color=&#8221;rgba(255,255,255,0.9)&#8221; use_border_color=&#8221;off&#8221; border_color=&#8221;#ffffff&#8221; border_style=&#8221;solid&#8221;] [\/et_pb_gallery][et_pb_text admin_label=&#8221;Texto&#8221; background_layout=&#8221;light&#8221; text_orientation=&#8221;justified&#8221; use_border_color=&#8221;off&#8221; border_color=&#8221;#ffffff&#8221; border_style=&#8221;solid&#8221;]<\/p>\n<p>&nbsp;<\/p>\n<p>A sinopse do filme ainda n\u00e3o foi divulgada, mas a dire\u00e7\u00e3o do fica por conta de <strong>David Leitch<\/strong> (\u201cDe Volta ao Jogo\u201d), j\u00e1 o roteiro \u00e9 assinado por <strong>Rhett Reese <\/strong>e<strong> Paul Wernick<\/strong> (ambos trabalharam em \u201cZumbil\u00e2ndia\u201d). A produ\u00e7\u00e3o fica por conta de <strong>Ryan Reynolds<\/strong> (\u201cThe Whale\u201d), <strong>Simon Kinberg <\/strong>e<strong> Lauren Shuler Donner<\/strong> (ambos \u201cX-Men: Apocalipse\u201d).<\/p>\n<p>[\/et_pb_text][et_pb_text admin_label=&#8221;Texto&#8221; background_layout=&#8221;light&#8221; text_orientation=&#8221;justified&#8221; use_border_color=&#8221;off&#8221; border_color=&#8221;#ffffff&#8221; border_style=&#8221;solid&#8221;]<\/p>\n<p>&nbsp;<\/p>\n<p>O filme tem <strong>Ryan Reynolds<\/strong> como protagonista,\u00a0\u00a0<strong>Zazie Beetz\u00a0<\/strong>como \u00a0Domin\u00f3,<strong>\u00a0Josh Brolin<\/strong> como Cable, <strong>Morena Baccarin<\/strong> como Vanessa, <strong>Stefan Kapacic<\/strong> como Colossus e <strong>Brianna Hildebrand<\/strong> como M\u00edssil Adolescente Megass\u00f4nico. Recentemente uma nova atriz foi confirmada no elenco, e voc\u00ea pode conferir clicando <a href=\"http:\/\/supercinemaup.com\/nova-atriz-confirmada-deadpool-2\/\"><strong>aqui.<\/strong><\/a><\/p>\n<p>&nbsp;<\/p>\n<p>[\/et_pb_text][et_pb_text admin_label=&#8221;Texto&#8221; background_layout=&#8221;light&#8221; text_orientation=&#8221;justified&#8221; use_border_color=&#8221;off&#8221; border_color=&#8221;#ffffff&#8221; border_style=&#8221;solid&#8221;]<\/p>\n<p>\u201c<strong>Deadpool 2<\/strong>\u201d estreia dia 1 de junho de 2018.<\/p>\n<p>[\/et_pb_text][\/et_pb_column][\/et_pb_row][\/et_pb_section]<\/p>","protected":false},"excerpt":{"rendered":"<p>Segundo filme da franquia estreia no dia 1 de junho de 2018.<\/p>","protected":false},"author":1,"featured_media":62835,"comment_status":"open","ping_status":"open","sticky":false,"template":"","format":"standard","meta":{"_exactmetrics_skip_tracking":false,"_exactmetrics_sitenote_active":false,"_exactmetrics_sitenote_note":"","_exactmetrics_sitenote_category":0,"footnotes":""},"categories":[1],"tags":[9977,2743,5966,488,99,9975,782,9976,9490,4974],"_links":{"self":[{"href":"https:\/\/www.cinemaup.com.br\/en\/wp-json\/wp\/v2\/posts\/62810"}],"collection":[{"href":"https:\/\/www.cinemaup.com.br\/en\/wp-json\/wp\/v2\/posts"}],"about":[{"href":"https:\/\/www.cinemaup.com.br\/en\/wp-json\/wp\/v2\/types\/post"}],"author":[{"embeddable":true,"href":"https:\/\/www.cinemaup.com.br\/en\/wp-json\/wp\/v2\/users\/1"}],"replies":[{"embeddable":true,"href":"https:\/\/www.cinemaup.com.br\/en\/wp-json\/wp\/v2\/comments?post=62810"}],"version-history":[{"count":5,"href":"https:\/\/www.cinemaup.com.br\/en\/wp-json\/wp\/v2\/posts\/62810\/revisions"}],"predecessor-version":[{"id":62837,"href":"https:\/\/www.cinemaup.com.br\/en\/wp-json\/wp\/v2\/posts\/62810\/revisions\/62837"}],"wp:featuredmedia":[{"embeddable":true,"href":"https:\/\/www.cinemaup.com.br\/en\/wp-json\/wp\/v2\/media\/62835"}],"wp:attachment":[{"href":"https:\/\/www.cinemaup.com.br\/en\/wp-json\/wp\/v2\/media?parent=62810"}],"wp:term":[{"taxonomy":"category","embeddable":true,"href":"https:\/\/www.cinemaup.com.br\/en\/wp-json\/wp\/v2\/categories?post=62810"},{"taxonomy":"post_tag","embeddable":true,"href":"https:\/\/www.cinemaup.com.br\/en\/wp-json\/wp\/v2\/tags?post=62810"}],"curies":[{"name":"wp","href":"https:\/\/api.w.org\/{rel}","templated":true}]}}