{"id":63318,"date":"2017-06-30T14:40:02","date_gmt":"2017-06-30T17:40:02","guid":{"rendered":"http:\/\/supercinemaup.com\/?p=63318"},"modified":"2017-07-01T09:08:24","modified_gmt":"2017-07-01T12:08:24","slug":"ganhador-do-globo-de-ouro-entra-para-o-elenco-do-novo-live-action-da-disney","status":"publish","type":"post","link":"https:\/\/www.cinemaup.com.br\/en\/ganhador-do-globo-de-ouro-entra-para-o-elenco-do-novo-live-action-da-disney\/","title":{"rendered":"Ganhador do Globo de Ouro entra para o elenco do novo live action da Disney"},"content":{"rendered":"<p>[et_pb_section admin_label=&#8221;section&#8221;][et_pb_row admin_label=&#8221;Linha&#8221;][et_pb_column type=&#8221;4_4&#8243;][et_pb_text admin_label=&#8221;Texto&#8221; background_layout=&#8221;light&#8221; text_orientation=&#8221;justified&#8221; use_border_color=&#8221;off&#8221; border_color=&#8221;#ffffff&#8221; border_style=&#8221;solid&#8221;]<\/p>\n<p>Durante o programa\u00a0<em>Good Mornig America<\/em>, o ator\u00a0<a href=\"http:\/\/supercinemaup.com\/michael-keaton-esta-em-negociacao-para-participar-live-action-dumbo-tim-burtom\/\" target=\"_blank\" rel=\"noopener noreferrer\"><strong>Michael Keaton<\/strong>\u00a0(ganhador do Globo de Ouro de 2015 de Melhor Ator por &#8220;Birdman&#8221;) confirmou<\/a> que entrou para o elenco do live action da\u00a0<strong>Disney<\/strong>,\u00a0<strong>&#8220;Dumbo&#8221;<\/strong>.<\/p>\n<p>[\/et_pb_text][\/et_pb_column][\/et_pb_row][et_pb_row admin_label=&#8221;row&#8221;][et_pb_column type=&#8221;1_2&#8243;][et_pb_text admin_label=&#8221;Texto&#8221; background_layout=&#8221;light&#8221; text_orientation=&#8221;justified&#8221; use_border_color=&#8221;off&#8221; border_color=&#8221;#ffffff&#8221; border_style=&#8221;solid&#8221; custom_padding=&#8221;10px|10px|10px|10px&#8221;]<\/p>\n<p>Keaton far\u00e1<strong>\u00a0Vandemere<\/strong>, o homem que compra o circo, e acaba por explorar Dumbo e sua m\u00e3e.<\/p>\n<p>A trama vai acompanhar um jovem beb\u00ea elefante que vive em um circo e tenta atingir seu potencial completo. O filme j\u00e1 tem confirmado no elenco,\u00a0<strong>Eva Green<\/strong>\u00a0(\u201cO Lar das Crian\u00e7as Peculiares\u201d) e\u00a0<strong>Danny DeVito<\/strong>\u00a0(\u201cO Comediante\u201d). O roteiro \u00e9 assinado por\u00a0<strong>Eheren Kruger<\/strong>\u00a0(&#8220;Os Irm\u00e3os Grimm&#8221;), j\u00e1 a dire\u00e7\u00e3o fica por conta de <strong>Tim Burton<\/strong>.<\/p>\n<p>Ap\u00f3s 25 anos, Tim Burton e Michael Keaton voltam a trabalhar juntos, ambos j\u00e1 participaram de\u201c<strong>Beetlejuice \u2013 Os Fantasmas se Divertem<\/strong>\u201c, \u201c<strong>Batman<\/strong>\u201d e \u201c<strong>Batman \u2013 O Retorno<\/strong>\u201c.<\/p>\n<p>&#8220;Dumbo&#8221; ainda n\u00e3o h\u00e1 previs\u00e3o de estreia.<\/p>\n<p>[\/et_pb_text][\/et_pb_column][et_pb_column type=&#8221;1_2&#8243;][et_pb_image admin_label=&#8221;Imagem&#8221; src=&#8221;http:\/\/supercinemaup.com\/wp-content\/uploads\/2017\/06\/michael-keaton-super-cinema-up.jpg&#8221; show_in_lightbox=&#8221;off&#8221; url_new_window=&#8221;off&#8221; use_overlay=&#8221;off&#8221; animation=&#8221;right&#8221; sticky=&#8221;off&#8221; align=&#8221;left&#8221; force_fullwidth=&#8221;off&#8221; always_center_on_mobile=&#8221;on&#8221; use_border_color=&#8221;off&#8221; border_color=&#8221;#ffffff&#8221; border_style=&#8221;solid&#8221; custom_margin=&#8221;10px|10px|10px|10px&#8221;] [\/et_pb_image][\/et_pb_column][\/et_pb_row][\/et_pb_section]<\/p>","protected":false},"excerpt":{"rendered":"<p>O ator estava em negocia\u00e7\u00f5es para o papel desde abril.<\/p>","protected":false},"author":46,"featured_media":27586,"comment_status":"open","ping_status":"open","sticky":false,"template":"","format":"standard","meta":{"_exactmetrics_skip_tracking":false,"_exactmetrics_sitenote_active":false,"_exactmetrics_sitenote_note":"","_exactmetrics_sitenote_category":0,"footnotes":""},"categories":[1],"tags":[8883,69,6365,10312,3618,4834,3752,1355,10310,9490,854,10311],"_links":{"self":[{"href":"https:\/\/www.cinemaup.com.br\/en\/wp-json\/wp\/v2\/posts\/63318"}],"collection":[{"href":"https:\/\/www.cinemaup.com.br\/en\/wp-json\/wp\/v2\/posts"}],"about":[{"href":"https:\/\/www.cinemaup.com.br\/en\/wp-json\/wp\/v2\/types\/post"}],"author":[{"embeddable":true,"href":"https:\/\/www.cinemaup.com.br\/en\/wp-json\/wp\/v2\/users\/46"}],"replies":[{"embeddable":true,"href":"https:\/\/www.cinemaup.com.br\/en\/wp-json\/wp\/v2\/comments?post=63318"}],"version-history":[{"count":5,"href":"https:\/\/www.cinemaup.com.br\/en\/wp-json\/wp\/v2\/posts\/63318\/revisions"}],"predecessor-version":[{"id":63341,"href":"https:\/\/www.cinemaup.com.br\/en\/wp-json\/wp\/v2\/posts\/63318\/revisions\/63341"}],"wp:featuredmedia":[{"embeddable":true,"href":"https:\/\/www.cinemaup.com.br\/en\/wp-json\/wp\/v2\/media\/27586"}],"wp:attachment":[{"href":"https:\/\/www.cinemaup.com.br\/en\/wp-json\/wp\/v2\/media?parent=63318"}],"wp:term":[{"taxonomy":"category","embeddable":true,"href":"https:\/\/www.cinemaup.com.br\/en\/wp-json\/wp\/v2\/categories?post=63318"},{"taxonomy":"post_tag","embeddable":true,"href":"https:\/\/www.cinemaup.com.br\/en\/wp-json\/wp\/v2\/tags?post=63318"}],"curies":[{"name":"wp","href":"https:\/\/api.w.org\/{rel}","templated":true}]}}