{"id":63697,"date":"2017-07-06T17:52:43","date_gmt":"2017-07-06T20:52:43","guid":{"rendered":"http:\/\/supercinemaup.com\/?p=63697"},"modified":"2017-07-06T17:16:56","modified_gmt":"2017-07-06T20:16:56","slug":"nova-serie-netflix-planos-2a-temporada","status":"publish","type":"post","link":"https:\/\/www.cinemaup.com.br\/en\/nova-serie-netflix-planos-2a-temporada\/","title":{"rendered":"Nova s\u00e9rie da Netflix j\u00e1 tem planos para uma 2\u00aa temporada"},"content":{"rendered":"<p>[et_pb_section admin_label=&#8221;section&#8221;][et_pb_row admin_label=&#8221;row&#8221;][et_pb_column type=&#8221;4_4&#8243;][et_pb_text admin_label=&#8221;Texto&#8221; background_layout=&#8221;light&#8221; text_orientation=&#8221;justified&#8221; use_border_color=&#8221;off&#8221; border_color=&#8221;#ffffff&#8221; border_style=&#8221;solid&#8221;]<\/p>\n<p>Em entrevista ao\u00a0<em>Hollywood Reporter<\/em>, a cocriadora da s\u00e9rie <a href=\"http:\/\/supercinemaup.com\/glow-comedia-netflix-reaproximar-anos-80-voce-precisa-ver\/\" target=\"_blank\" rel=\"noopener noreferrer\"><strong>&#8220;Glow&#8221;<\/strong><\/a>,\u00a0<strong>Liz Flahive<\/strong>, disse que j\u00e1 tem planos para um segundo ano e que o final da primeira temporada foi um gancho para que isso acontecesse.<\/p>\n<p>&#8220;<em>Foi definitivamente intencional. Pensamos nisso desde o in\u00edcio, e ajudou a moldar o resto.&#8221;<\/em>, Liz continua &#8220;<em>Parte do que falamos como contadores de hist\u00f3rias \u00e9 que, uma vez que as mulheres sabem como lutar, voc\u00ea n\u00e3o pode voltar no tempo.&#8221; <\/em>e por fim finaliza com uma piada<em> &#8220;A menos que f\u00f4ssemos fazer um show que viajasse no tempo, onde nos concentramos em como eles aprenderam a lutar&#8221;.<\/em><\/p>\n<p><strong>Carly Mensch<\/strong>, cocriadora da s\u00e9rie, tamb\u00e9m se pronunciou dizendo que elas\u00a0n\u00e3o escreveram a s\u00e9rie com um n\u00famero espec\u00edfico de temporadas\u00a0em mente, mesmo que a s\u00e9rie inspiradora tenha tido quatro.<\/p>\n<p>A continua\u00e7\u00e3o iria mostrar o show sendo lan\u00e7ado ao mundo, com as mulheres treinando para aperfei\u00e7oar suas habilidades caso o programa seja encomendado oficialmente.<\/p>\n<p>Baseada na s\u00e9rie dos anos 80, \u201cGlow\u201d conta a hist\u00f3ria fict\u00edcia de\u00a0Ruth Wilder,\u00a0uma atriz desempregada e batalhadora em Los Angeles nos anos 80, que encontra sua \u00faltima chance de virar estrela ao entrar de cabe\u00e7a no mundo do glitter e dos col\u00e3s da luta livre de mulheres. Al\u00e9m de trabalhar com 12 mulheres exc\u00eantricas de Hollywood, Ruth precisa competir com\u00a0Debbie Eagan, uma ex-atriz de novelas que deixou sua carreira de lado para ser m\u00e3e, mas voltou ao trabalho quando percebeu que sua vidinha perfeita n\u00e3o era bem o que parecia ser. Dirigindo todas elas est\u00e1\u00a0Sam Sylvia, um diretor de filmes de segunda categoria, acabado e viciado em coca\u00edna, que agora precisa liderar este grupo de mulheres em uma jornada rumo ao estrelato da luta livre.<\/p>\n<p>O elenco conta com<strong>\u00a0Alison Brie<\/strong>\u00a0(s\u00e9rie \u201cCommunity\u201d),<strong>\u00a0Betty Gilpin<\/strong>\u00a0(s\u00e9rie \u201cNurse Jackie\u201d),\u00a0<strong>Marc Maron<\/strong>\u00a0(\u201cOs Ca\u00e7a-Noivas\u201d),\u00a0<strong>Ellen Wong<\/strong>\u00a0(\u201cScott Pilgrim Contra o Mundo\u201d),<strong>\u00a0Kate Nash<\/strong>\u00a0(\u201cPowder Room\u201d),\u00a0<strong>Rebekka Johnson<\/strong>\u00a0(s\u00e9rie \u201cWe Don\u2019t Hate It Here\u201d),<strong>\u00a0Kimmy Gatewood<\/strong>\u00a0(s\u00e9rie \u201cConan\u201d),\u00a0<strong>Sydelle Noel<\/strong>\u00a0(\u201cCaptive\u201d),\u00a0<strong>Britney Young<\/strong>\u00a0(s\u00e9rie \u201cThose Who Can\u2019t\u201d),\u00a0<strong>Amy Farrington<\/strong>\u00a0(s\u00e9rie \u201cHung\u201d),\u00a0<strong>Michael Bunin<\/strong>\u00a0(s\u00e9rie \u201cSuperstore: Uma Loja de Inconveni\u00eancias\u201d),\u00a0<strong>Sunita Mani<\/strong>\u00a0(\u201cMr. Robot\u201d),\u00a0<strong>Gayle Rankin<\/strong>\u00a0(\u201cFrank the Bastard\u201d),\u00a0<strong>Marianna Palka<\/strong>\u00a0(\u201cForever\u201d) e<strong>\u00a0Britt Baron<\/strong>\u00a0(mini s\u00e9rie \u201cHalo: The Fall of Reach\u201d).<\/p>\n<p>A primeira temporada de <strong>&#8220;Glow&#8221;<\/strong> j\u00e1 est\u00e1 dispon\u00edvel na <strong>Netflix<\/strong>.<\/p>\n<p>[\/et_pb_text][\/et_pb_column][\/et_pb_row][\/et_pb_section]<\/p>","protected":false},"excerpt":{"rendered":"<p>As cocriadores da s\u00e9rie falaram sobre um segundo ano.<\/p>","protected":false},"author":46,"featured_media":63698,"comment_status":"open","ping_status":"open","sticky":false,"template":"","format":"standard","meta":{"_exactmetrics_skip_tracking":false,"_exactmetrics_sitenote_active":false,"_exactmetrics_sitenote_note":"","_exactmetrics_sitenote_category":0,"footnotes":""},"categories":[1],"tags":[9766,9775,9767,9774,10117,9779,9769,10115,9764,6733,10253,9770,9772,9778,10254,9768,10116,9776,1648,9771,10255,9777,9773,9780],"_links":{"self":[{"href":"https:\/\/www.cinemaup.com.br\/en\/wp-json\/wp\/v2\/posts\/63697"}],"collection":[{"href":"https:\/\/www.cinemaup.com.br\/en\/wp-json\/wp\/v2\/posts"}],"about":[{"href":"https:\/\/www.cinemaup.com.br\/en\/wp-json\/wp\/v2\/types\/post"}],"author":[{"embeddable":true,"href":"https:\/\/www.cinemaup.com.br\/en\/wp-json\/wp\/v2\/users\/46"}],"replies":[{"embeddable":true,"href":"https:\/\/www.cinemaup.com.br\/en\/wp-json\/wp\/v2\/comments?post=63697"}],"version-history":[{"count":1,"href":"https:\/\/www.cinemaup.com.br\/en\/wp-json\/wp\/v2\/posts\/63697\/revisions"}],"predecessor-version":[{"id":63699,"href":"https:\/\/www.cinemaup.com.br\/en\/wp-json\/wp\/v2\/posts\/63697\/revisions\/63699"}],"wp:featuredmedia":[{"embeddable":true,"href":"https:\/\/www.cinemaup.com.br\/en\/wp-json\/wp\/v2\/media\/63698"}],"wp:attachment":[{"href":"https:\/\/www.cinemaup.com.br\/en\/wp-json\/wp\/v2\/media?parent=63697"}],"wp:term":[{"taxonomy":"category","embeddable":true,"href":"https:\/\/www.cinemaup.com.br\/en\/wp-json\/wp\/v2\/categories?post=63697"},{"taxonomy":"post_tag","embeddable":true,"href":"https:\/\/www.cinemaup.com.br\/en\/wp-json\/wp\/v2\/tags?post=63697"}],"curies":[{"name":"wp","href":"https:\/\/api.w.org\/{rel}","templated":true}]}}