{"id":64963,"date":"2017-07-21T17:29:25","date_gmt":"2017-07-21T20:29:25","guid":{"rendered":"http:\/\/supercinemaup.com\/?p=64963"},"modified":"2017-07-21T17:30:43","modified_gmt":"2017-07-21T20:30:43","slug":"thor-ragnarok-poster-lego","status":"publish","type":"post","link":"https:\/\/www.cinemaup.com.br\/en\/thor-ragnarok-poster-lego\/","title":{"rendered":"&#8220;Thor: Ragnarok&#8221; ganha p\u00f4ster em vers\u00e3o LEGO"},"content":{"rendered":"<p>[et_pb_section admin_label=&#8221;section&#8221;][et_pb_row admin_label=&#8221;row&#8221;][et_pb_column type=&#8221;4_4&#8243;][et_pb_text admin_label=&#8221;Texto&#8221; background_layout=&#8221;light&#8221; text_orientation=&#8221;justified&#8221; use_border_color=&#8221;off&#8221; border_color=&#8221;#ffffff&#8221; border_style=&#8221;solid&#8221;]<\/p>\n<p>Depois de <a href=\"http:\/\/supercinemaup.com\/poster-liga-da-justica-herois-lego\/\" target=\"_blank\" rel=\"noopener noreferrer\"><strong>&#8220;Liga da Justi\u00e7a&#8221;<\/strong> ter ganho um p\u00f4ster em vers\u00e3o <strong>LEGO<\/strong><\/a>, agora foi a vez do Deus N\u00f3rdico da <strong>Marvel<\/strong>. O cartaz de <strong>&#8220;Thor: Ragnarok&#8221;<\/strong> foi feito especialmente para a <strong>San Diego Comic Con<\/strong>.<\/p>\n<p>[\/et_pb_text][\/et_pb_column][\/et_pb_row][et_pb_row admin_label=&#8221;Linha&#8221;][et_pb_column type=&#8221;4_4&#8243;][et_pb_image admin_label=&#8221;Imagem&#8221; src=&#8221;http:\/\/supercinemaup.com\/wp-content\/uploads\/2017\/07\/thor-ragnarok-marvel-super-cinema-up-lego.jpg&#8221; show_in_lightbox=&#8221;off&#8221; url_new_window=&#8221;off&#8221; use_overlay=&#8221;off&#8221; animation=&#8221;left&#8221; sticky=&#8221;off&#8221; align=&#8221;center&#8221; force_fullwidth=&#8221;off&#8221; always_center_on_mobile=&#8221;on&#8221; use_border_color=&#8221;off&#8221; border_color=&#8221;#ffffff&#8221; border_style=&#8221;solid&#8221; \/][\/et_pb_column][\/et_pb_row][et_pb_row admin_label=&#8221;Linha&#8221;][et_pb_column type=&#8221;4_4&#8243;][et_pb_text admin_label=&#8221;Texto&#8221; background_layout=&#8221;light&#8221; text_orientation=&#8221;justified&#8221; use_border_color=&#8221;off&#8221; border_color=&#8221;#ffffff&#8221; border_style=&#8221;solid&#8221;]<\/p>\n<p>No terceiro filme da franquia, Thor est\u00e1 aprisionado do outro lado do universo, sem seu martelo, e se v\u00ea em uma corrida para voltar at\u00e9 Asgard e impedir o Ragnarok \u2013 a destrui\u00e7\u00e3o de seu lar e o fim da civiliza\u00e7\u00e3o asgardiana \u2013 que est\u00e1 nas m\u00e3os de uma nova e poderosa amea\u00e7a, a terr\u00edvel Hela. Mas primeiro ele precisa sobreviver a uma batalha de gladiadores que o coloca contra seu ex-aliado e vingador \u2013 o Incr\u00edvel Hulk.<\/p>\n<p>O elenco conta com<strong>\u00a0Chris Hemsworth<\/strong>\u00a0(\u201cNo Cora\u00e7\u00e3o do Mar\u201d),\u00a0<strong>Tom Hiddleston<\/strong>\u00a0(\u201cKong: A Ilha da Caveira\u201d),\u00a0<strong>Mark Ruffalo<\/strong>\u00a0(\u201cSpotlight\u201d),\u00a0<strong>Benedict Cumberbatch<\/strong>\u00a0(\u201cDoutor Estranho\u201d),\u00a0<strong>Idris Elba<\/strong>\u00a0(\u201cBeasts of No Nation\u201d),\u00a0<strong>Anthony Hopkins<\/strong>\u00a0(\u201cO Sil\u00eancio dos Inocentes\u201d),\u00a0<strong>Jaimie Alexander<\/strong>\u00a0(s\u00e9rie \u201cBlindspot\u201d),\u00a0<strong>Kal Urban<\/strong>\u00a0(\u201cStar Trek\u201d) e\u00a0<strong>Cate Blanchett<\/strong>\u00a0(\u201cCarol\u201d).<\/p>\n<p><strong>\u201cThor: Ragnarok<\/strong>\u201d estreia dia 2 de novembro.<\/p>\n<p>[\/et_pb_text][\/et_pb_column][\/et_pb_row][\/et_pb_section]<\/p>","protected":false},"excerpt":{"rendered":"<p>O filme da Marvel \u00e9 o pr\u00f3ximo a ir ao cinema.<\/p>","protected":false},"author":46,"featured_media":63851,"comment_status":"closed","ping_status":"open","sticky":false,"template":"","format":"standard","meta":{"_exactmetrics_skip_tracking":false,"_exactmetrics_sitenote_active":false,"_exactmetrics_sitenote_note":"","_exactmetrics_sitenote_category":0,"footnotes":""},"categories":[1],"tags":[221,2450,2339,2361,2641,8978,8979,1421,40,99,5670,10791,10634,6286,10790,2196],"_links":{"self":[{"href":"https:\/\/www.cinemaup.com.br\/en\/wp-json\/wp\/v2\/posts\/64963"}],"collection":[{"href":"https:\/\/www.cinemaup.com.br\/en\/wp-json\/wp\/v2\/posts"}],"about":[{"href":"https:\/\/www.cinemaup.com.br\/en\/wp-json\/wp\/v2\/types\/post"}],"author":[{"embeddable":true,"href":"https:\/\/www.cinemaup.com.br\/en\/wp-json\/wp\/v2\/users\/46"}],"replies":[{"embeddable":true,"href":"https:\/\/www.cinemaup.com.br\/en\/wp-json\/wp\/v2\/comments?post=64963"}],"version-history":[{"count":1,"href":"https:\/\/www.cinemaup.com.br\/en\/wp-json\/wp\/v2\/posts\/64963\/revisions"}],"predecessor-version":[{"id":64988,"href":"https:\/\/www.cinemaup.com.br\/en\/wp-json\/wp\/v2\/posts\/64963\/revisions\/64988"}],"wp:featuredmedia":[{"embeddable":true,"href":"https:\/\/www.cinemaup.com.br\/en\/wp-json\/wp\/v2\/media\/63851"}],"wp:attachment":[{"href":"https:\/\/www.cinemaup.com.br\/en\/wp-json\/wp\/v2\/media?parent=64963"}],"wp:term":[{"taxonomy":"category","embeddable":true,"href":"https:\/\/www.cinemaup.com.br\/en\/wp-json\/wp\/v2\/categories?post=64963"},{"taxonomy":"post_tag","embeddable":true,"href":"https:\/\/www.cinemaup.com.br\/en\/wp-json\/wp\/v2\/tags?post=64963"}],"curies":[{"name":"wp","href":"https:\/\/api.w.org\/{rel}","templated":true}]}}