{"id":65449,"date":"2017-08-01T11:30:02","date_gmt":"2017-08-01T14:30:02","guid":{"rendered":"http:\/\/supercinemaup.com\/?p=65449"},"modified":"2017-08-01T10:49:28","modified_gmt":"2017-08-01T13:49:28","slug":"atriz-dornesa-ellaria-destino-game-of-thrones","status":"publish","type":"post","link":"https:\/\/www.cinemaup.com.br\/en\/atriz-dornesa-ellaria-destino-game-of-thrones\/","title":{"rendered":"Atriz que vive a dornesa Ellaria comenta sobre o seu destino em &#8220;Game of Thrones&#8221;"},"content":{"rendered":"<p>[et_pb_section admin_label=&#8221;section&#8221;][et_pb_row admin_label=&#8221;row&#8221;][et_pb_column type=&#8221;4_4&#8243;][et_pb_text admin_label=&#8221;Texto&#8221; background_layout=&#8221;light&#8221; text_orientation=&#8221;justified&#8221; use_border_color=&#8221;off&#8221; border_color=&#8221;#ffffff&#8221; border_style=&#8221;solid&#8221;]<\/p>\n<p>Em entrevista \u00e0 <em>Entertainment Weekly<\/em> a atriz\u00a0<strong>Indira Varma<\/strong>, que interpreta a dornesa <strong>Ellaria Sand<\/strong> em<strong> &#8220;Game of Thrones&#8221;<\/strong>, comentou sobre como vai fazer a cena do \u00faltimo epis\u00f3dio e sobre o futuro da sua personagem na s\u00e9rie, afirmando que n\u00e3o vai mais aparecer em cena.<\/p>\n<p>&#8220;<em>[<strong>David Benioff e Dan Weiss<\/strong>] me chamaram, mas eu meio que j\u00e1 sabia. Tudo est\u00e1 acontecendo e voc\u00ea precisa se livrar dos personagens menos importantes, com quem o p\u00fablico n\u00e3o se envolveu tanto. N\u00e3o fiquei chateada. Eu disse &#8216;Contanto que eu morra em cena&#8217; e eles &#8216;Sim!&#8217;. Mas \u00e9 \u00f3bvio que isso n\u00e3o vai acontecer. Vou sobreviver, s\u00f3 n\u00e3o vou reaparecer. Acho que isso foi muito inteligente.<\/em><\/p>\n<p><em>&#8220;O que eu amo sobre esta cena \u00e9 que voc\u00ea est\u00e1 lendo isso e de uma senten\u00e7a a outra, voc\u00ea n\u00e3o sabe o que vai acontecer &#8211; como <strong>Cersei<\/strong> vai tratar sua v\u00edtima. Eu simplesmente pensei que a entrega dessa informa\u00e7\u00e3o era t\u00e3o inteligente. Especialmente porque o beijo vem antes da informa\u00e7\u00e3o.<\/em><\/p>\n<p>[\/et_pb_text][\/et_pb_column][\/et_pb_row][et_pb_row admin_label=&#8221;Linha&#8221;][et_pb_column type=&#8221;1_2&#8243;][et_pb_text admin_label=&#8221;Texto&#8221; background_layout=&#8221;light&#8221; text_orientation=&#8221;justified&#8221; use_border_color=&#8221;off&#8221; border_color=&#8221;#ffffff&#8221; border_style=&#8221;solid&#8221; custom_padding=&#8221;10px|10px||&#8221;]<\/p>\n<p><em>&#8220;Ellaria n\u00e3o teve o tempo em tela, ent\u00e3o as pessoas s\u00e3o inevitavelmente mais investidas em Cersei. Mas as pessoas estavam t\u00e3o apaixonadas por <strong>Oberyn<\/strong> [<strong>Pedro Pascal<\/strong>] e h\u00e1 um pouco desse res\u00edduo continuando, e obviamente, ningu\u00e9m quer ver o filho de algu\u00e9m morto na frente deles &#8211; esse \u00e9 o pior pesadelo de todos os pais, al\u00e9m do pior pesadelo. \u00c9 um grande desafio da perspectiva de atua\u00e7\u00e3o ser interessante sem falas. Foi divertido tentar resgatar a raiva e a impot\u00eancia nessa situa\u00e7\u00e3o, mas ainda querer lutar. Em que ponto voc\u00ea desiste querendo lutar? \u00c9 um instinto paterno humano onde voc\u00ea quer continuar lutando por seu filho.&#8221;.<\/em><\/p>\n<p>[\/et_pb_text][\/et_pb_column][et_pb_column type=&#8221;1_2&#8243;][et_pb_image admin_label=&#8221;Imagem&#8221; src=&#8221;http:\/\/supercinemaup.com\/wp-content\/uploads\/2017\/08\/game-of-thrones-ellaria-super-cinema-up-hbo-1.jpg&#8221; show_in_lightbox=&#8221;off&#8221; url_new_window=&#8221;off&#8221; use_overlay=&#8221;off&#8221; animation=&#8221;left&#8221; sticky=&#8221;off&#8221; align=&#8221;left&#8221; force_fullwidth=&#8221;off&#8221; always_center_on_mobile=&#8221;on&#8221; use_border_color=&#8221;off&#8221; border_color=&#8221;#ffffff&#8221; border_style=&#8221;solid&#8221; custom_margin=&#8221;|||10px&#8221; \/][\/et_pb_column][\/et_pb_row][et_pb_row admin_label=&#8221;Linha&#8221;][et_pb_column type=&#8221;4_4&#8243;][et_pb_text admin_label=&#8221;Texto&#8221; background_layout=&#8221;light&#8221; text_orientation=&#8221;justified&#8221; use_border_color=&#8221;off&#8221; border_color=&#8221;#ffffff&#8221; border_style=&#8221;solid&#8221;]<\/p>\n<p>&#8220;Game of Thrones&#8221; est\u00e1 na sua s\u00e9tima temporada, que vai ao ar todos os domingos \u00e0s 22h na <strong>HBO<\/strong>. O pr\u00f3ximo epis\u00f3dio \u00e9\u00a0<strong>\u201cThe Spoils of War\u201d<\/strong>\u00a0(<strong>\u201cOs Esp\u00f3lios da Guerra\u201d<\/strong>).<\/p>\n<p>[\/et_pb_text][\/et_pb_column][\/et_pb_row][et_pb_row admin_label=&#8221;Linha&#8221;][et_pb_column type=&#8221;4_4&#8243;][et_pb_gallery admin_label=&#8221;Galeria&#8221; gallery_ids=&#8221;65454,65455&#8243; fullwidth=&#8221;on&#8221; show_title_and_caption=&#8221;on&#8221; show_pagination=&#8221;on&#8221; background_layout=&#8221;light&#8221; auto=&#8221;on&#8221; hover_overlay_color=&#8221;rgba(255,255,255,0.9)&#8221; use_border_color=&#8221;off&#8221; border_color=&#8221;#ffffff&#8221; border_style=&#8221;solid&#8221; \/][\/et_pb_column][\/et_pb_row][\/et_pb_section]<\/p>","protected":false},"excerpt":{"rendered":"<p>&#8220;Acho que isso foi muito inteligente&#8221;, comentou a atriz Indira Verma.<\/p>","protected":false},"author":46,"featured_media":65456,"comment_status":"closed","ping_status":"open","sticky":false,"template":"","format":"standard","meta":{"_exactmetrics_skip_tracking":false,"_exactmetrics_sitenote_active":false,"_exactmetrics_sitenote_note":"","_exactmetrics_sitenote_category":0,"footnotes":""},"categories":[1],"tags":[7791,10796,9968,7854,9591,7983,10737,5926,3009,7851,10995,1138,10738,10996,10997,5219,10998,9490,10795,10999],"_links":{"self":[{"href":"https:\/\/www.cinemaup.com.br\/en\/wp-json\/wp\/v2\/posts\/65449"}],"collection":[{"href":"https:\/\/www.cinemaup.com.br\/en\/wp-json\/wp\/v2\/posts"}],"about":[{"href":"https:\/\/www.cinemaup.com.br\/en\/wp-json\/wp\/v2\/types\/post"}],"author":[{"embeddable":true,"href":"https:\/\/www.cinemaup.com.br\/en\/wp-json\/wp\/v2\/users\/46"}],"replies":[{"embeddable":true,"href":"https:\/\/www.cinemaup.com.br\/en\/wp-json\/wp\/v2\/comments?post=65449"}],"version-history":[{"count":4,"href":"https:\/\/www.cinemaup.com.br\/en\/wp-json\/wp\/v2\/posts\/65449\/revisions"}],"predecessor-version":[{"id":65457,"href":"https:\/\/www.cinemaup.com.br\/en\/wp-json\/wp\/v2\/posts\/65449\/revisions\/65457"}],"wp:featuredmedia":[{"embeddable":true,"href":"https:\/\/www.cinemaup.com.br\/en\/wp-json\/wp\/v2\/media\/65456"}],"wp:attachment":[{"href":"https:\/\/www.cinemaup.com.br\/en\/wp-json\/wp\/v2\/media?parent=65449"}],"wp:term":[{"taxonomy":"category","embeddable":true,"href":"https:\/\/www.cinemaup.com.br\/en\/wp-json\/wp\/v2\/categories?post=65449"},{"taxonomy":"post_tag","embeddable":true,"href":"https:\/\/www.cinemaup.com.br\/en\/wp-json\/wp\/v2\/tags?post=65449"}],"curies":[{"name":"wp","href":"https:\/\/api.w.org\/{rel}","templated":true}]}}