{"id":66838,"date":"2017-08-30T11:30:36","date_gmt":"2017-08-30T14:30:36","guid":{"rendered":"http:\/\/supercinemaup.com\/?p=66838"},"modified":"2017-08-30T11:18:49","modified_gmt":"2017-08-30T14:18:49","slug":"isaac-hempstead-wright-cena-importante-game-of-thrones-cortada-episodio-final","status":"publish","type":"post","link":"https:\/\/www.cinemaup.com.br\/en\/isaac-hempstead-wright-cena-importante-game-of-thrones-cortada-episodio-final\/","title":{"rendered":"Isaac Hempstead Wright revela que cena importante de &#8220;Game of Thrones&#8221; foi cortada do epis\u00f3dio final"},"content":{"rendered":"<p>[et_pb_section admin_label=&#8221;section&#8221;][et_pb_row admin_label=&#8221;row&#8221;][et_pb_column type=&#8221;4_4&#8243;][et_pb_text admin_label=&#8221;Texto&#8221; background_layout=&#8221;light&#8221; text_orientation=&#8221;justified&#8221; use_border_color=&#8221;off&#8221; border_color=&#8221;#ffffff&#8221; border_style=&#8221;solid&#8221;]<\/p>\n<p>Em entrevista a <em>Variety<\/em> sobre o \u00faltimo epis\u00f3dio da<strong> &#8220;Game of Thrones&#8221;<\/strong>, o ator\u00a0<strong>Isaac Hempstead Wright<\/strong> que interpreta <strong>Bran Stark<\/strong>, revelou ele e <strong>Sophie Turner<\/strong>\u00a0chegaram a gravar uma cena juntos em que mostra como <strong>Sansa<\/strong> descobriu toda a farsa de <strong>Lorde Petyr &#8220;Mindinho&#8221; Baelish<\/strong>\u00a0(<strong>Aidan Gillen<\/strong>).<\/p>\n<p>[\/et_pb_text][\/et_pb_column][\/et_pb_row][et_pb_row admin_label=&#8221;Linha&#8221;][et_pb_column type=&#8221;1_2&#8243;][et_pb_text admin_label=&#8221;Texto&#8221; background_layout=&#8221;light&#8221; text_orientation=&#8221;justified&#8221; use_border_color=&#8221;off&#8221; border_color=&#8221;#ffffff&#8221; border_style=&#8221;solid&#8221; custom_padding=&#8221;|20px||&#8221;]<\/p>\n<p><em>&#8220;N\u00f3s realmente fizemos uma cena que claramente foi cortada, uma curta cena com Sansa, onde ela bate na porta de Bran e diz: &#8216;Eu preciso da sua ajuda&#8217;, ou algo assim. Ent\u00e3o, basicamente, o quanto eu sei, a hist\u00f3ria era que de repente ocorreu a Sansa que ela tinha um enorme departamento de circuito fechado de c\u00e2meras a seu crit\u00e9rio e pode ser uma boa ideia verificar com ele primeiro antes que ela estude sua pr\u00f3pria irm\u00e3. Ent\u00e3o ela vai para Bran, e Bran conta tudo o que ela precisa saber, e ela &#8216;Oh, m-&#8216;.&#8221;<\/em>, revelou Isaac.<\/p>\n<p>[\/et_pb_text][\/et_pb_column][et_pb_column type=&#8221;1_2&#8243;][et_pb_image admin_label=&#8221;Imagem&#8221; src=&#8221;http:\/\/supercinemaup.com\/wp-content\/uploads\/2017\/08\/game-fo-thrones-mindinho-got-hbo.jpg&#8221; show_in_lightbox=&#8221;off&#8221; url_new_window=&#8221;off&#8221; use_overlay=&#8221;off&#8221; animation=&#8221;right&#8221; sticky=&#8221;off&#8221; align=&#8221;left&#8221; force_fullwidth=&#8221;off&#8221; always_center_on_mobile=&#8221;on&#8221; use_border_color=&#8221;off&#8221; border_color=&#8221;#ffffff&#8221; border_style=&#8221;solid&#8221; \/][\/et_pb_column][\/et_pb_row][et_pb_row admin_label=&#8221;Linha&#8221;][et_pb_column type=&#8221;4_4&#8243;][et_pb_text admin_label=&#8221;Texto&#8221; background_layout=&#8221;light&#8221; text_orientation=&#8221;justified&#8221; use_border_color=&#8221;off&#8221; border_color=&#8221;#ffffff&#8221; border_style=&#8221;solid&#8221;]<\/p>\n<p>A oitava temporada de \u201cGame of Thrones\u201d ter\u00e1 apenas seis epis\u00f3dio e s\u00f3 ir\u00e1 estrear em 2019 na HBO.<\/p>\n<p>[\/et_pb_text][\/et_pb_column][\/et_pb_row][\/et_pb_section]<\/p>","protected":false},"excerpt":{"rendered":"<p>O Corvos de Tr\u00eas Olhos foi respons\u00e1vel por um momento marcante do \u00faltimo epis\u00f3dio.<\/p>","protected":false},"author":46,"featured_media":66841,"comment_status":"closed","ping_status":"open","sticky":false,"template":"","format":"standard","meta":{"_exactmetrics_skip_tracking":false,"_exactmetrics_sitenote_active":false,"_exactmetrics_sitenote_note":"","_exactmetrics_sitenote_category":0,"footnotes":""},"categories":[1],"tags":[7791,6998,10166,7796,11603,5926,3009,7851,11358,1138,1458,10741,11395,7980,7978,9490,11396],"_links":{"self":[{"href":"https:\/\/www.cinemaup.com.br\/en\/wp-json\/wp\/v2\/posts\/66838"}],"collection":[{"href":"https:\/\/www.cinemaup.com.br\/en\/wp-json\/wp\/v2\/posts"}],"about":[{"href":"https:\/\/www.cinemaup.com.br\/en\/wp-json\/wp\/v2\/types\/post"}],"author":[{"embeddable":true,"href":"https:\/\/www.cinemaup.com.br\/en\/wp-json\/wp\/v2\/users\/46"}],"replies":[{"embeddable":true,"href":"https:\/\/www.cinemaup.com.br\/en\/wp-json\/wp\/v2\/comments?post=66838"}],"version-history":[{"count":2,"href":"https:\/\/www.cinemaup.com.br\/en\/wp-json\/wp\/v2\/posts\/66838\/revisions"}],"predecessor-version":[{"id":66842,"href":"https:\/\/www.cinemaup.com.br\/en\/wp-json\/wp\/v2\/posts\/66838\/revisions\/66842"}],"wp:featuredmedia":[{"embeddable":true,"href":"https:\/\/www.cinemaup.com.br\/en\/wp-json\/wp\/v2\/media\/66841"}],"wp:attachment":[{"href":"https:\/\/www.cinemaup.com.br\/en\/wp-json\/wp\/v2\/media?parent=66838"}],"wp:term":[{"taxonomy":"category","embeddable":true,"href":"https:\/\/www.cinemaup.com.br\/en\/wp-json\/wp\/v2\/categories?post=66838"},{"taxonomy":"post_tag","embeddable":true,"href":"https:\/\/www.cinemaup.com.br\/en\/wp-json\/wp\/v2\/tags?post=66838"}],"curies":[{"name":"wp","href":"https:\/\/api.w.org\/{rel}","templated":true}]}}