{"id":67022,"date":"2017-09-04T09:22:54","date_gmt":"2017-09-04T12:22:54","guid":{"rendered":"http:\/\/supercinemaup.com\/?p=67022"},"modified":"2017-09-04T09:23:47","modified_gmt":"2017-09-04T12:23:47","slug":"enredo-diretosem-delongas-a-torre-negra-diverte-nao-impressiona","status":"publish","type":"post","link":"https:\/\/www.cinemaup.com.br\/en\/enredo-diretosem-delongas-a-torre-negra-diverte-nao-impressiona\/","title":{"rendered":"Com um enredo direto e sem delongas, \u201cA Torre Negra\u201d diverte mas n\u00e3o impressiona"},"content":{"rendered":"<p>[et_pb_section admin_label=&#8221;section&#8221; background_image=&#8221;http:\/\/supercinemaup.com\/wp-content\/uploads\/2017\/09\/a-torre-negra-super-cinema-up-cr\u00edtica-.jpg&#8221; transparent_background=&#8221;off&#8221; allow_player_pause=&#8221;off&#8221; inner_shadow=&#8221;off&#8221; parallax=&#8221;on&#8221; parallax_method=&#8221;off&#8221; make_fullwidth=&#8221;off&#8221; use_custom_width=&#8221;off&#8221; width_unit=&#8221;on&#8221; make_equal=&#8221;off&#8221; use_custom_gutter=&#8221;off&#8221;][et_pb_row admin_label=&#8221;row&#8221;][et_pb_column type=&#8221;4_4&#8243;][et_pb_text admin_label=&#8221;Texto&#8221; background_layout=&#8221;light&#8221; text_orientation=&#8221;justified&#8221; use_border_color=&#8221;off&#8221; border_color=&#8221;#ffffff&#8221; border_style=&#8221;solid&#8221; background_color=&#8221;rgba(234,234,234,0.6)&#8221; custom_padding=&#8221;10px|10px|10px|10px&#8221;]<\/p>\n<p>Pra quem esperava um filme mais sombrio, relacionado ao terror, por ser baseado na obra de <strong>Stephen King<\/strong>, acabou se contentando mais com uma fic\u00e7\u00e3o cient\u00edfica simples, contudo aceit\u00e1vel, destacando muitas refer\u00eancias a obras cl\u00e1ssicas do autor. Os leitores de Stephen King podem ter se decepcionado um pouco com a produ\u00e7\u00e3o mas v\u00e1rios fatores t\u00e9cnicos acabam salvando o filme.<\/p>\n<p>[\/et_pb_text][\/et_pb_column][\/et_pb_row][et_pb_row admin_label=&#8221;Linha&#8221;][et_pb_column type=&#8221;1_2&#8243;][et_pb_image admin_label=&#8221;Imagem&#8221; src=&#8221;http:\/\/supercinemaup.com\/wp-content\/uploads\/2017\/07\/The_Dark_Tower_torre-negra-super-cinema-up.jpg&#8221; show_in_lightbox=&#8221;off&#8221; url_new_window=&#8221;off&#8221; use_overlay=&#8221;off&#8221; animation=&#8221;left&#8221; sticky=&#8221;off&#8221; align=&#8221;left&#8221; force_fullwidth=&#8221;off&#8221; always_center_on_mobile=&#8221;on&#8221; use_border_color=&#8221;off&#8221; border_color=&#8221;#ffffff&#8221; border_style=&#8221;solid&#8221; custom_margin=&#8221;|10px||&#8221;] [\/et_pb_image][\/et_pb_column][et_pb_column type=&#8221;1_2&#8243;][et_pb_text admin_label=&#8221;Texto&#8221; background_layout=&#8221;light&#8221; text_orientation=&#8221;justified&#8221; background_color=&#8221;rgba(234,234,234,0.6)&#8221; use_border_color=&#8221;off&#8221; border_color=&#8221;#ffffff&#8221; border_style=&#8221;solid&#8221; custom_margin=&#8221;|||10px&#8221; custom_padding=&#8221;10px|10px|10px|10px&#8221;]<\/p>\n<p>O enredo se baseia em acontecimentos inexplic\u00e1veis referentes a terremotos sofridos na cidade de Nova York. Curiosamente, tais acontecimentos est\u00e3o relacionados aos sonhos do garoto <strong>Jake Chambers<\/strong> (<strong>Tom Taylor<\/strong>) que, em sua mente, tais terremotos na verdade s\u00e3o uma trama maligna, vinda de um mundo paralelo onde criaturas com rostos humanos mant\u00eam crian\u00e7as especiais com mentes perfeitas e que a utiliza\u00e7\u00e3o delas pode acarretar no desmoronamento de uma torre que separa mundos diferentes, sendo um deles, o mundo dos humanos. Esta torre, a Torre Negra como \u00e9 conhecida, impede que criaturas do submundo consigam adentrar nos mundos que a referida torre protege. Todo esse processo \u00e9 chefiado por uma esp\u00e9cie de feiticeiro chamando <strong>Walter Padick<\/strong> (<strong>Matthew McConaughey<\/strong>), capaz de manipular qualquer ser em que se depara, exceto um, o pistoleiro <strong>Roland<\/strong> (<strong>Idris Elba<\/strong>) que, assim como muitos outros, est\u00e1 destinado a proteger seu mundo daqueles que querem domin\u00e1-lo.<\/p>\n<p>Determinado a descobrir o que \u00e9 real ou imagin\u00e1rio, o garoto Chambers vai em busca do desconhecido e, por meio de uma passagem especial, consegue chegar at\u00e9 o pistoleiro e chamando a aten\u00e7\u00e3o do feiticeiro Padick. Inicia-se a\u00ed uma guerra entre humanos e n\u00e3o humanos em raz\u00e3o da Torre Negra.<\/p>\n<p>[\/et_pb_text][\/et_pb_column][\/et_pb_row][et_pb_row admin_label=&#8221;Linha&#8221;][et_pb_column type=&#8221;4_4&#8243;][et_pb_text admin_label=&#8221;Texto&#8221; background_layout=&#8221;light&#8221; text_orientation=&#8221;justified&#8221; background_color=&#8221;rgba(234,234,234,0.6)&#8221; use_border_color=&#8221;off&#8221; border_color=&#8221;#ffffff&#8221; border_style=&#8221;solid&#8221; custom_padding=&#8221;10px|10px|10px|10px&#8221;]<\/p>\n<p>O\u00a0filme, dirigido pelo dinamarqu\u00eas <strong>Nikolaj Arcel<\/strong> que tamb\u00e9m dirigiu o premiado \u201cO Amante da Rainha\u201d \u00e9 repleto de efeitos visuais interessantes mas nada in\u00e9dito. Embora se valorize as cores mais sombrias, h\u00e1 um destaque para a luminosidade nas cenas de a\u00e7\u00e3o, que a priori foram bem feitas, gra\u00e7as em parte, para a fotografia, mas nada t\u00e3o surpreendente.\u00a0A trilha sonora do m\u00fasico<strong> Junkie XL<\/strong>, o mesmo de <a href=\"http:\/\/supercinemaup.com\/deadpool\/\" target=\"_blank\" rel=\"noopener\">\u201cDeadpool\u201d<\/a> e <a href=\"http:\/\/supercinemaup.com\/mad-max-a-estrada-da-furia\/\" target=\"_blank\" rel=\"noopener\">\u201cMad Max: Estrada da F\u00faria\u201d<\/a> \u00e9 um fator determinante para o aproveitamento do filme. A produ\u00e7\u00e3o de maquiagem \u00e9 algo que poderia ter sido mais desenvolvido. Por \u00faltimo mas n\u00e3o menos importante,\u00a0h\u00e1 uma raz\u00e3o para o marketing do filme ter sido bastante valorizado e n\u00e3o \u00e9 s\u00f3 por causa de Stephen King, mas sim por causa da produ\u00e7\u00e3o do filme que foi feita por ningu\u00e9m menos por <strong>Ron Howard<\/strong>, <strong>Brian Grazer<\/strong> e <strong>Akiva Goldsman<\/strong>, realizadores o sucesso \u201cUma Mente Brilhante\u201d, sem falar que King tamb\u00e9m se tornou produtor do filme.<\/p>\n<p>Embora previs\u00edvel demais, a\u00a0cena final \u00e9 bastante divertida mostrando a batalha entre o bem e mal, at\u00e9 mesmo lembrando um pouco o cl\u00e1ssico \u201cMatrix\u201d.<\/p>\n<p>[\/et_pb_text][\/et_pb_column][\/et_pb_row][et_pb_row admin_label=&#8221;Linha&#8221;][et_pb_column type=&#8221;1_2&#8243;][et_pb_image admin_label=&#8221;Imagem&#8221; src=&#8221;http:\/\/supercinemaup.com\/wp-content\/uploads\/2017\/09\/a-torre-negra-super-cinema-up-cr\u00edtica-2.jpg&#8221; show_in_lightbox=&#8221;off&#8221; url_new_window=&#8221;off&#8221; use_overlay=&#8221;off&#8221; animation=&#8221;left&#8221; sticky=&#8221;off&#8221; align=&#8221;left&#8221; force_fullwidth=&#8221;off&#8221; always_center_on_mobile=&#8221;on&#8221; use_border_color=&#8221;off&#8221; border_color=&#8221;#ffffff&#8221; border_style=&#8221;solid&#8221; custom_margin=&#8221;|10px||&#8221;] [\/et_pb_image][\/et_pb_column][et_pb_column type=&#8221;1_2&#8243;][et_pb_text admin_label=&#8221;Texto&#8221; background_layout=&#8221;light&#8221; text_orientation=&#8221;justified&#8221; background_color=&#8221;rgba(234,234,234,0.6)&#8221; use_border_color=&#8221;off&#8221; border_color=&#8221;#ffffff&#8221; border_style=&#8221;solid&#8221; custom_margin=&#8221;|||10px&#8221; custom_padding=&#8221;10px|10px|10px|10px&#8221;]<\/p>\n<p><strong>Onde est\u00e1 o suspense?<\/strong><\/p>\n<p>\u00c9 claro que, at\u00e9 pra quem conhece a obra de Stephen King apenas pelos filmes, sabe que o autor nem sempre escreve\u00a0hist\u00f3rias tenebrosas. O livros\u00a0\u201c\u00c0 Espera de um Milagre\u201d\u00a0e \u201cUm Sonho de Liberdade\u201d\u00a0s\u00e3o\u00a0exemplos not\u00e1veis. O livro \u201cA Torre Negra\u201d foi escrito em 1982, na d\u00e9cada que marcou\u00a0o auge da\u00a0popularidade de King. Pra quem j\u00e1 tinha lido o livro, j\u00e1 se esperava que a adapta\u00e7\u00e3o para o cinema seria voltado para a fic\u00e7\u00e3o cient\u00edfica e aventura, deixando de lado o lado sombrio que o livro carrega. Curiosamente, Stephen King \u00e9 autor de uma outra obra de fic\u00e7\u00e3o cient\u00edfica, tamb\u00e9m adaptada para o cinema, \u201cO Nevoeiro\u201d, contudo este foi vendido tamb\u00e9m como terror.\u00a0O suspense em \u201cA Torre Negra\u201d acaba perdendo espa\u00e7o para a a\u00e7\u00e3o e aventura\u00a0envolvidos na trama.<\/p>\n<p>[\/et_pb_text][\/et_pb_column][\/et_pb_row][et_pb_row admin_label=&#8221;Linha&#8221;][et_pb_column type=&#8221;4_4&#8243;][et_pb_text admin_label=&#8221;Texto&#8221; background_layout=&#8221;light&#8221; text_orientation=&#8221;justified&#8221; background_color=&#8221;rgba(234,234,234,0.6)&#8221; use_border_color=&#8221;off&#8221; border_color=&#8221;#ffffff&#8221; border_style=&#8221;solid&#8221; custom_padding=&#8221;10px|10px|10px|10px&#8221;]<\/p>\n<p><strong>Simples, r\u00e1pido e pr\u00e1tico?<\/strong><\/p>\n<p>Simples e r\u00e1pido\u00a0pode at\u00e9 ser, mas &#8220;pr\u00e1tico&#8221;&#8230; Gerou s\u00e9rias d\u00favidas para o p\u00fablico.\u00a0No geral, h\u00e1 quem goste de filmes curtos,\u00a0nada cansativos\u00a0mas com um enredo justific\u00e1vel e agrad\u00e1vel aos olhos de quem assiste. Contudo, isso pode ser um verdadeiro tiro no p\u00e9, uma vez que enredos curtos podem\u00a0tornar o filme incompleto fazendo com que o mesmo deixe a desejar, fazendo o p\u00fablico ter um gostinho de \u201cquero mais\u201d.<\/p>\n<p>[\/et_pb_text][\/et_pb_column][\/et_pb_row][et_pb_row admin_label=&#8221;Linha&#8221;][et_pb_column type=&#8221;1_2&#8243;][et_pb_image admin_label=&#8221;Imagem&#8221; src=&#8221;http:\/\/supercinemaup.com\/wp-content\/uploads\/2017\/05\/Dark-tower.jpg&#8221; show_in_lightbox=&#8221;off&#8221; url_new_window=&#8221;off&#8221; use_overlay=&#8221;off&#8221; animation=&#8221;left&#8221; sticky=&#8221;off&#8221; align=&#8221;left&#8221; force_fullwidth=&#8221;off&#8221; always_center_on_mobile=&#8221;on&#8221; use_border_color=&#8221;off&#8221; border_color=&#8221;#ffffff&#8221; border_style=&#8221;solid&#8221; custom_margin=&#8221;|10px||&#8221; \/][\/et_pb_column][et_pb_column type=&#8221;1_2&#8243;][et_pb_text admin_label=&#8221;Texto&#8221; background_layout=&#8221;light&#8221; text_orientation=&#8221;justified&#8221; background_color=&#8221;rgba(234,234,234,0.6)&#8221; use_border_color=&#8221;off&#8221; border_color=&#8221;#ffffff&#8221; border_style=&#8221;solid&#8221; custom_margin=&#8221;|||10px&#8221; custom_padding=&#8221;10px|10px|10px|10px&#8221;]<\/p>\n<p><strong>Matthew McConaughey sendo Matthew McConaughey.<\/strong><\/p>\n<p>Pra quem acompanha a carreira deste ganhador do Oscar que est\u00e1 se aproximando dos 50 anos, sabe que o seu\u00a0jeito estiloso e elegante \u00e9 um fator marcante em cada atua\u00e7\u00e3o sua. Em \u201cA Torre Negra\u201d isso n\u00e3o \u00e9 diferente. \u00c9 fato que\u00a0mesmo com\u00a0todo o terror e maldade\u00a0do seu personagem dificilmente o p\u00fablico consegue odi\u00e1-lo, como acontece com a maioria dos vil\u00f5es do cinema.\u00a0McConaughey\u00a0consegue demonstrar carisma inclusive na incr\u00edvel luta final entre seu personagem e o de Idris Elba.<\/p>\n<p>[\/et_pb_text][\/et_pb_column][\/et_pb_row][et_pb_row admin_label=&#8221;Linha&#8221;][et_pb_column type=&#8221;4_4&#8243;][et_pb_text admin_label=&#8221;Texto&#8221; background_layout=&#8221;light&#8221; text_orientation=&#8221;justified&#8221; background_color=&#8221;rgba(234,234,234,0.6)&#8221; use_border_color=&#8221;off&#8221; border_color=&#8221;#ffffff&#8221; border_style=&#8221;solid&#8221; custom_padding=&#8221;10px|10px|10px|10px&#8221;]<\/p>\n<p><strong>Stephen King 70 anos.<\/strong><\/p>\n<p>Tanto o filme \u201cA Torre Negra\u201d como a refilmagem \u201cIt \u2013 A Coisa\u201d, produ\u00e7\u00f5es adaptadas dos livros de Stephen King est\u00e3o sendo lan\u00e7ados em comemora\u00e7\u00e3o aos 70 anos de idade do escritor.<\/p>\n<p>[\/et_pb_text][\/et_pb_column][\/et_pb_row][\/et_pb_section]<\/p>","protected":false},"excerpt":{"rendered":"<p>O filme est\u00e1 sendo lan\u00e7ado em comemora\u00e7\u00e3o aos 70 anos de idade do escritor Stephen King.<\/p>","protected":false},"author":23,"featured_media":63472,"comment_status":"closed","ping_status":"open","sticky":false,"template":"","format":"standard","meta":{"_exactmetrics_skip_tracking":false,"_exactmetrics_sitenote_active":false,"_exactmetrics_sitenote_note":"","_exactmetrics_sitenote_category":0,"footnotes":""},"categories":[2415,2423],"tags":[8723,6679,1862,2641,8724,2336,8322,214,8321],"_links":{"self":[{"href":"https:\/\/www.cinemaup.com.br\/en\/wp-json\/wp\/v2\/posts\/67022"}],"collection":[{"href":"https:\/\/www.cinemaup.com.br\/en\/wp-json\/wp\/v2\/posts"}],"about":[{"href":"https:\/\/www.cinemaup.com.br\/en\/wp-json\/wp\/v2\/types\/post"}],"author":[{"embeddable":true,"href":"https:\/\/www.cinemaup.com.br\/en\/wp-json\/wp\/v2\/users\/23"}],"replies":[{"embeddable":true,"href":"https:\/\/www.cinemaup.com.br\/en\/wp-json\/wp\/v2\/comments?post=67022"}],"version-history":[{"count":3,"href":"https:\/\/www.cinemaup.com.br\/en\/wp-json\/wp\/v2\/posts\/67022\/revisions"}],"predecessor-version":[{"id":67029,"href":"https:\/\/www.cinemaup.com.br\/en\/wp-json\/wp\/v2\/posts\/67022\/revisions\/67029"}],"wp:featuredmedia":[{"embeddable":true,"href":"https:\/\/www.cinemaup.com.br\/en\/wp-json\/wp\/v2\/media\/63472"}],"wp:attachment":[{"href":"https:\/\/www.cinemaup.com.br\/en\/wp-json\/wp\/v2\/media?parent=67022"}],"wp:term":[{"taxonomy":"category","embeddable":true,"href":"https:\/\/www.cinemaup.com.br\/en\/wp-json\/wp\/v2\/categories?post=67022"},{"taxonomy":"post_tag","embeddable":true,"href":"https:\/\/www.cinemaup.com.br\/en\/wp-json\/wp\/v2\/tags?post=67022"}],"curies":[{"name":"wp","href":"https:\/\/api.w.org\/{rel}","templated":true}]}}