{"id":67618,"date":"2017-09-18T18:00:24","date_gmt":"2017-09-18T21:00:24","guid":{"rendered":"http:\/\/supercinemaup.com\/?p=67618"},"modified":"2017-09-18T16:24:46","modified_gmt":"2017-09-18T19:24:46","slug":"lee-unkrich-novo-poster-coco","status":"publish","type":"post","link":"https:\/\/www.cinemaup.com.br\/en\/lee-unkrich-novo-poster-coco\/","title":{"rendered":"Lee Unkrich divulga nas redes sociais o novo p\u00f4ster de &#8220;Coco&#8221;"},"content":{"rendered":"<p>[et_pb_section admin_label=&#8221;section&#8221;][et_pb_row admin_label=&#8221;row&#8221;][et_pb_column type=&#8221;4_4&#8243;][et_pb_text admin_label=&#8221;Texto&#8221; background_layout=&#8221;light&#8221; text_orientation=&#8221;justified&#8221; use_border_color=&#8221;off&#8221; border_color=&#8221;#ffffff&#8221; border_style=&#8221;solid&#8221;]<\/p>\n<p>O cineasta <strong>Lee Unkrich<\/strong>, respons\u00e1vel pela dire\u00e7\u00e3o da nova anima\u00e7\u00e3o da <strong>Disney\/Pixar<\/strong>, <strong>&#8220;Coco&#8221;<\/strong>\u00a0(ou em portugu\u00eas<strong>\u00a0\u201cViva \u2013 A Vida \u00e9 Uma Festa\u201d<\/strong>), divulgou em seu perfil no <em>Twitter<\/em> o novo p\u00f4ster do filme.<\/p>\n<p>[\/et_pb_text][\/et_pb_column][\/et_pb_row][et_pb_row admin_label=&#8221;Linha&#8221;][et_pb_column type=&#8221;4_4&#8243;][et_pb_image admin_label=&#8221;Imagem&#8221; src=&#8221;http:\/\/supercinemaup.com\/wp-content\/uploads\/2017\/09\/coco-super-cinema-up-disney-pixar-poster.jpeg&#8221; show_in_lightbox=&#8221;off&#8221; url_new_window=&#8221;off&#8221; use_overlay=&#8221;off&#8221; animation=&#8221;left&#8221; sticky=&#8221;off&#8221; align=&#8221;center&#8221; force_fullwidth=&#8221;off&#8221; always_center_on_mobile=&#8221;on&#8221; use_border_color=&#8221;off&#8221; border_color=&#8221;#ffffff&#8221; border_style=&#8221;solid&#8221; \/][\/et_pb_column][\/et_pb_row][et_pb_row admin_label=&#8221;Linha&#8221;][et_pb_column type=&#8221;4_4&#8243;][et_pb_text admin_label=&#8221;Texto&#8221; background_layout=&#8221;light&#8221; text_orientation=&#8221;justified&#8221; use_border_color=&#8221;off&#8221; border_color=&#8221;#ffffff&#8221; border_style=&#8221;solid&#8221;]<\/p>\n<p>O filme conta a hist\u00f3ria de\u00a0Miguel\u00a0(tamb\u00e9m apelidado de Coco), que sonha em ser um m\u00fasico t\u00e3o bom quanto seu \u00eddolo,\u00a0Ernesto de la Cruz. Sua fam\u00edlia, por\u00e9m, baniu a m\u00fasica muitos anos atr\u00e1s, e desesperado para provar seu talento, Miguel acaba indo para o colorido\u00a0Mundo dos Mortos\u00a0atr\u00e1s de Ernesto. Com a ajuda de um esqueleto chamado\u00a0Hector, Coco deve ent\u00e3o encontrar seu \u00eddolo j\u00e1 falecido, conquistar a aprova\u00e7\u00e3o da sua fam\u00edlia e voltar ao mundo dos vivos antes que seja tarde demais.<\/p>\n<p>O longa conta com os atores\u00a0<strong>Anthony Gonzalez<\/strong>\u00a0(\u201cIcebox),\u00a0<strong>Benjamin Bratt<\/strong>\u00a0(\u201cDoutor Estranho\u201d),\u00a0<strong>Gael Garc\u00eda Bernal<\/strong>(\u201cMozart in the Jungle\u201d) e\u00a0<strong>Renee Victor<\/strong>\u00a0(\u201cWeeds\u201d) na dublagem.<\/p>\n<p><strong>\u201cCoco\u201d<\/strong>\u00a0estreia dia 22 de dezembro.<\/p>\n<p>[\/et_pb_text][\/et_pb_column][\/et_pb_row][\/et_pb_section]<\/p>","protected":false},"excerpt":{"rendered":"<p>O colorido filme \u00e9 a pr\u00f3xima anima\u00e7\u00e3o da Disney Pixar.<\/p>","protected":false},"author":46,"featured_media":67620,"comment_status":"closed","ping_status":"open","sticky":false,"template":"","format":"standard","meta":{"_exactmetrics_skip_tracking":false,"_exactmetrics_sitenote_active":false,"_exactmetrics_sitenote_note":"","_exactmetrics_sitenote_category":0,"footnotes":""},"categories":[1],"tags":[7946,69,7947,7948,2472,5670,11109,9490,8066],"_links":{"self":[{"href":"https:\/\/www.cinemaup.com.br\/en\/wp-json\/wp\/v2\/posts\/67618"}],"collection":[{"href":"https:\/\/www.cinemaup.com.br\/en\/wp-json\/wp\/v2\/posts"}],"about":[{"href":"https:\/\/www.cinemaup.com.br\/en\/wp-json\/wp\/v2\/types\/post"}],"author":[{"embeddable":true,"href":"https:\/\/www.cinemaup.com.br\/en\/wp-json\/wp\/v2\/users\/46"}],"replies":[{"embeddable":true,"href":"https:\/\/www.cinemaup.com.br\/en\/wp-json\/wp\/v2\/comments?post=67618"}],"version-history":[{"count":1,"href":"https:\/\/www.cinemaup.com.br\/en\/wp-json\/wp\/v2\/posts\/67618\/revisions"}],"predecessor-version":[{"id":67621,"href":"https:\/\/www.cinemaup.com.br\/en\/wp-json\/wp\/v2\/posts\/67618\/revisions\/67621"}],"wp:featuredmedia":[{"embeddable":true,"href":"https:\/\/www.cinemaup.com.br\/en\/wp-json\/wp\/v2\/media\/67620"}],"wp:attachment":[{"href":"https:\/\/www.cinemaup.com.br\/en\/wp-json\/wp\/v2\/media?parent=67618"}],"wp:term":[{"taxonomy":"category","embeddable":true,"href":"https:\/\/www.cinemaup.com.br\/en\/wp-json\/wp\/v2\/categories?post=67618"},{"taxonomy":"post_tag","embeddable":true,"href":"https:\/\/www.cinemaup.com.br\/en\/wp-json\/wp\/v2\/tags?post=67618"}],"curies":[{"name":"wp","href":"https:\/\/api.w.org\/{rel}","templated":true}]}}