{"id":68052,"date":"2017-09-27T16:00:15","date_gmt":"2017-09-27T19:00:15","guid":{"rendered":"http:\/\/supercinemaup.com\/?p=68052"},"modified":"2017-09-27T15:08:12","modified_gmt":"2017-09-27T18:08:12","slug":"elenco-avatar-2-apresentado","status":"publish","type":"post","link":"https:\/\/www.cinemaup.com.br\/en\/elenco-avatar-2-apresentado\/","title":{"rendered":"Elenco de &#8220;Avatar 2&#8221; \u00e9 apresentado ao p\u00fablico"},"content":{"rendered":"<p>[et_pb_section admin_label=&#8221;section&#8221;][et_pb_row admin_label=&#8221;row&#8221;][et_pb_column type=&#8221;4_4&#8243;][et_pb_text admin_label=&#8221;Texto&#8221; background_layout=&#8221;light&#8221; text_orientation=&#8221;justified&#8221; use_border_color=&#8221;off&#8221; border_color=&#8221;#ffffff&#8221; border_style=&#8221;solid&#8221;]<\/p>\n<p>A <em>Entertainment Weekly<\/em> divulgou na \u00faltima quarta-feira (27), uma foto exclusiva do elenco de<strong> &#8220;Avatar 2&#8221;<\/strong>, de <strong>James Cameron<\/strong>.<\/p>\n<p>Apresentando um elenco mirim, os atores ir\u00e3o interpretar a fam\u00edlia de Sully e o\u00a0cl\u00e3 de Na&#8217;vi, chamado Metkayina, que habitam os arrecifes gigantes dos at\u00f3is oce\u00e2nicos sob o governo de um l\u00edder chamado Tonowari.<\/p>\n<p>[\/et_pb_text][\/et_pb_column][\/et_pb_row][et_pb_row admin_label=&#8221;Linha&#8221;][et_pb_column type=&#8221;4_4&#8243;][et_pb_image admin_label=&#8221;Imagem&#8221; src=&#8221;http:\/\/supercinemaup.com\/wp-content\/uploads\/2017\/09\/avatar-2-foto-super-cinema-up.jpg&#8221; show_in_lightbox=&#8221;off&#8221; url_new_window=&#8221;off&#8221; use_overlay=&#8221;off&#8221; animation=&#8221;left&#8221; sticky=&#8221;off&#8221; align=&#8221;center&#8221; force_fullwidth=&#8221;off&#8221; always_center_on_mobile=&#8221;on&#8221; use_border_color=&#8221;off&#8221; border_color=&#8221;#ffffff&#8221; border_style=&#8221;solid&#8221; \/][\/et_pb_column][\/et_pb_row][et_pb_row admin_label=&#8221;Linha&#8221;][et_pb_column type=&#8221;4_4&#8243;][et_pb_text admin_label=&#8221;Texto&#8221; background_layout=&#8221;light&#8221; text_orientation=&#8221;justified&#8221; use_border_color=&#8221;off&#8221; border_color=&#8221;#ffffff&#8221; border_style=&#8221;solid&#8221;]<\/p>\n<p>Os atores apresentados s\u00e3o <strong>Britain Dalton<\/strong> (&#8220;Goliath&#8221;),<strong> Filip Geljo<\/strong> (&#8220;Esquadr\u00e3o Bizarro&#8221;), <strong>Jamie Flatters<\/strong> (&#8220;So Awkward&#8221;), <strong>Bailey Bass<\/strong>, <strong>Trinity Bliss<\/strong> (&#8220;Milites Christi&#8221;), <strong>Jack Champion<\/strong> (&#8220;Head in the Clouds&#8221;) e <strong>Duane Evans Jr.<\/strong> (&#8220;Shortland Street&#8221;).<\/p>\n<p>O elenco dos pr\u00f3ximos filmes tamb\u00e9m conta com rostos conhecidos como<strong>\u00a0Zoe Saldana<\/strong>\u00a0(\u201cGuardi\u00f5es da Gal\u00e1xia Vol.2\u201d),\u00a0<strong>Sam Worthington<\/strong>\u00a0(\u201cA Cabana\u201d),<strong>\u00a0Sigourney Weaver\u00a0<\/strong>(\u201cAlien: O Oitavo Passageiro\u201d),<strong>\u00a0Stephen Lang\u00a0<\/strong>(\u201cO Homem nas Trevas\u201d),\u00a0<strong>CCH Pounder <\/strong>(&#8220;NCIS: New Orleans&#8221;)<strong>\u00a0<\/strong>e\u00a0<strong>Joel David Moore<\/strong> (&#8220;Bones&#8221;). J\u00e1 as novidades s\u00e3o\u00a0<a href=\"http:\/\/supercinemaup.com\/contratado-ator-protagonista-avatar-2\/\" target=\"_blank\" rel=\"noopener\"><strong>Cliff Curtis<\/strong><\/a> (&#8220;Um Crime de Mestre&#8221;) e<a href=\"http:\/\/supercinemaup.com\/neta-de-charlie-chaplin-elenco-avatar-2\/\" target=\"_blank\" rel=\"noopener\">\u00a0<strong>Oona Chaplin <\/strong><\/a>(&#8220;Game of Thrones&#8221;).<\/p>\n<p><strong>\u201cAvatar 2\u201d<\/strong><a href=\"http:\/\/supercinemaup.com\/cinemundo\/noticias\/datas-estreia-sequencias-avatar\/\" target=\"_blank\" rel=\"noopener noreferrer\">\u00a0estreia dia 18 dezembro 2020<\/a>.<\/p>\n<p>[\/et_pb_text][\/et_pb_column][\/et_pb_row][\/et_pb_section]<\/p>","protected":false},"excerpt":{"rendered":"<p>A sequ\u00eancia tem novamente dire\u00e7\u00e3o de James Cameron.<\/p>","protected":false},"author":46,"featured_media":31879,"comment_status":"closed","ping_status":"open","sticky":false,"template":"","format":"standard","meta":{"_exactmetrics_skip_tracking":false,"_exactmetrics_sitenote_active":false,"_exactmetrics_sitenote_note":"","_exactmetrics_sitenote_category":0,"footnotes":""},"categories":[1],"tags":[7892,12105,12102,12108,3618,12101,12103,6209,12109,12107,1852,12104,9490,12106],"_links":{"self":[{"href":"https:\/\/www.cinemaup.com.br\/en\/wp-json\/wp\/v2\/posts\/68052"}],"collection":[{"href":"https:\/\/www.cinemaup.com.br\/en\/wp-json\/wp\/v2\/posts"}],"about":[{"href":"https:\/\/www.cinemaup.com.br\/en\/wp-json\/wp\/v2\/types\/post"}],"author":[{"embeddable":true,"href":"https:\/\/www.cinemaup.com.br\/en\/wp-json\/wp\/v2\/users\/46"}],"replies":[{"embeddable":true,"href":"https:\/\/www.cinemaup.com.br\/en\/wp-json\/wp\/v2\/comments?post=68052"}],"version-history":[{"count":2,"href":"https:\/\/www.cinemaup.com.br\/en\/wp-json\/wp\/v2\/posts\/68052\/revisions"}],"predecessor-version":[{"id":68056,"href":"https:\/\/www.cinemaup.com.br\/en\/wp-json\/wp\/v2\/posts\/68052\/revisions\/68056"}],"wp:featuredmedia":[{"embeddable":true,"href":"https:\/\/www.cinemaup.com.br\/en\/wp-json\/wp\/v2\/media\/31879"}],"wp:attachment":[{"href":"https:\/\/www.cinemaup.com.br\/en\/wp-json\/wp\/v2\/media?parent=68052"}],"wp:term":[{"taxonomy":"category","embeddable":true,"href":"https:\/\/www.cinemaup.com.br\/en\/wp-json\/wp\/v2\/categories?post=68052"},{"taxonomy":"post_tag","embeddable":true,"href":"https:\/\/www.cinemaup.com.br\/en\/wp-json\/wp\/v2\/tags?post=68052"}],"curies":[{"name":"wp","href":"https:\/\/api.w.org\/{rel}","templated":true}]}}