{"id":68172,"date":"2017-09-29T20:15:55","date_gmt":"2017-09-29T23:15:55","guid":{"rendered":"http:\/\/supercinemaup.com\/?p=68172"},"modified":"2017-09-29T20:11:52","modified_gmt":"2017-09-29T23:11:52","slug":"filme-brasileiro-vencedor-dois-premios-festival-cannes-trailer","status":"publish","type":"post","link":"https:\/\/www.cinemaup.com.br\/en\/filme-brasileiro-vencedor-dois-premios-festival-cannes-trailer\/","title":{"rendered":"Filme brasileiro vencedor de dois pr\u00eamios no Festival de Cannes tem trailer divulgado"},"content":{"rendered":"<p>[et_pb_section admin_label=&#8221;section&#8221;][et_pb_row admin_label=&#8221;row&#8221;][et_pb_column type=&#8221;4_4&#8243;][et_pb_text admin_label=&#8221;Texto&#8221; background_layout=&#8221;light&#8221; text_orientation=&#8221;justified&#8221; use_border_color=&#8221;off&#8221; border_color=&#8221;#ffffff&#8221; border_style=&#8221;solid&#8221;]<\/p>\n<p>O drama <strong>&#8220;Gabriel e a Montanha&#8221;<\/strong>, de <strong>Fellipe Barbosa<\/strong>, teve seu trailer oficial divulgado. O filme foi\u00a0vencedor de dois pr\u00eamios do <strong>Festival de Cannes<\/strong>, sendo o de <strong>Revela\u00e7\u00e3o<\/strong> e o da\u00a0<strong>Funda\u00e7\u00e3o Gan<\/strong>.<\/p>\n<p>[\/et_pb_text][\/et_pb_column][\/et_pb_row][et_pb_row admin_label=&#8221;Linha&#8221;][et_pb_column type=&#8221;4_4&#8243;][et_pb_video admin_label=&#8221;V\u00eddeo&#8221; src=&#8221;https:\/\/www.youtube.com\/watch?v=w9cw1Ntrhqg&#8221; \/][\/et_pb_column][\/et_pb_row][et_pb_row admin_label=&#8221;Linha&#8221;][et_pb_column type=&#8221;4_4&#8243;][et_pb_text admin_label=&#8221;Texto&#8221; background_layout=&#8221;light&#8221; text_orientation=&#8221;justified&#8221; use_border_color=&#8221;off&#8221; border_color=&#8221;#ffffff&#8221; border_style=&#8221;solid&#8221;]<\/p>\n<p>O filme \u00e9 inspirado na hist\u00f3ria real do economista carioca Gabriel Buchmann, que antes de entrar para uma Universidade americana de prest\u00edgio, decide viajar o mundo por um ano. Carregado de sonhos e depois de dez meses na estrada, ele chega ao Qu\u00eania determinado a descobrir o continente africano. At\u00e9 chegar ao topo do Monte Mulanje, seu \u00faltimo destino.<\/p>\n<p>O elenco conta com\u00a0<strong>Jo\u00e3o Pedro Zappa<\/strong>, <strong>Caroline Abra<\/strong>, <strong class=\"meta-title\">Leonard Siampala<\/strong>,\u00a0<strong class=\"meta-title\">John Goodluck<\/strong> e\u00a0<strong class=\"meta-title\">Alex Alembe<\/strong>.<\/p>\n<p><strong>&#8220;Gabriel e a Montanha&#8221;<\/strong> estreia dia 2 de novembro.<\/p>\n<p>[\/et_pb_text][\/et_pb_column][\/et_pb_row][et_pb_row admin_label=&#8221;Linha&#8221;][et_pb_column type=&#8221;4_4&#8243;][et_pb_image admin_label=&#8221;Imagem&#8221; src=&#8221;http:\/\/supercinemaup.com\/wp-content\/uploads\/2017\/09\/gabriel-e-a-montanha-super-cinema-up-p\u00f4ster.jpg&#8221; show_in_lightbox=&#8221;off&#8221; url_new_window=&#8221;off&#8221; use_overlay=&#8221;off&#8221; animation=&#8221;left&#8221; sticky=&#8221;off&#8221; align=&#8221;center&#8221; force_fullwidth=&#8221;off&#8221; always_center_on_mobile=&#8221;on&#8221; use_border_color=&#8221;off&#8221; border_color=&#8221;#ffffff&#8221; border_style=&#8221;solid&#8221; \/][\/et_pb_column][\/et_pb_row][\/et_pb_section]<\/p>","protected":false},"excerpt":{"rendered":"<p>Um filme de Fellipe Barbosa, baseado em fatos reais.<\/p>","protected":false},"author":46,"featured_media":68179,"comment_status":"closed","ping_status":"open","sticky":false,"template":"","format":"standard","meta":{"_exactmetrics_skip_tracking":false,"_exactmetrics_sitenote_active":false,"_exactmetrics_sitenote_note":"","_exactmetrics_sitenote_category":0,"footnotes":""},"categories":[1],"tags":[12197,12194,1667,12192,12193,12196,12195,9490,2676,12191],"_links":{"self":[{"href":"https:\/\/www.cinemaup.com.br\/en\/wp-json\/wp\/v2\/posts\/68172"}],"collection":[{"href":"https:\/\/www.cinemaup.com.br\/en\/wp-json\/wp\/v2\/posts"}],"about":[{"href":"https:\/\/www.cinemaup.com.br\/en\/wp-json\/wp\/v2\/types\/post"}],"author":[{"embeddable":true,"href":"https:\/\/www.cinemaup.com.br\/en\/wp-json\/wp\/v2\/users\/46"}],"replies":[{"embeddable":true,"href":"https:\/\/www.cinemaup.com.br\/en\/wp-json\/wp\/v2\/comments?post=68172"}],"version-history":[{"count":2,"href":"https:\/\/www.cinemaup.com.br\/en\/wp-json\/wp\/v2\/posts\/68172\/revisions"}],"predecessor-version":[{"id":68180,"href":"https:\/\/www.cinemaup.com.br\/en\/wp-json\/wp\/v2\/posts\/68172\/revisions\/68180"}],"wp:featuredmedia":[{"embeddable":true,"href":"https:\/\/www.cinemaup.com.br\/en\/wp-json\/wp\/v2\/media\/68179"}],"wp:attachment":[{"href":"https:\/\/www.cinemaup.com.br\/en\/wp-json\/wp\/v2\/media?parent=68172"}],"wp:term":[{"taxonomy":"category","embeddable":true,"href":"https:\/\/www.cinemaup.com.br\/en\/wp-json\/wp\/v2\/categories?post=68172"},{"taxonomy":"post_tag","embeddable":true,"href":"https:\/\/www.cinemaup.com.br\/en\/wp-json\/wp\/v2\/tags?post=68172"}],"curies":[{"name":"wp","href":"https:\/\/api.w.org\/{rel}","templated":true}]}}