{"id":68499,"date":"2017-10-10T15:13:14","date_gmt":"2017-10-10T18:13:14","guid":{"rendered":"http:\/\/supercinemaup.com\/?p=68499"},"modified":"2017-10-10T15:13:14","modified_gmt":"2017-10-10T18:13:14","slug":"loki-grao-mestre-juntos-imagem-thor-ragnarok","status":"publish","type":"post","link":"https:\/\/www.cinemaup.com.br\/en\/loki-grao-mestre-juntos-imagem-thor-ragnarok\/","title":{"rendered":"Loki e Gr\u00e3o-Mestre aparecem juntos em nova imagem de &#8220;Thor: Ragnarok&#8221;"},"content":{"rendered":"<p>[et_pb_section admin_label=&#8221;section&#8221;][et_pb_row admin_label=&#8221;row&#8221;][et_pb_column type=&#8221;4_4&#8243;][et_pb_text admin_label=&#8221;Texto&#8221; background_layout=&#8221;light&#8221; text_orientation=&#8221;justified&#8221; use_border_color=&#8221;off&#8221; border_color=&#8221;#ffffff&#8221; border_style=&#8221;solid&#8221;]<\/p>\n<p>Na \u00faltima ter\u00e7a-feira (10), a <strong>Marvel\u00a0<\/strong><span id=\"channel-title\" class=\"style-scope ytd-c4-tabbed-header-renderer\"><strong>Entertainment<\/strong> divulgou tr\u00eas novas imagens de <strong>&#8220;Thor: Ragnarok&#8221;<\/strong>, dentre elas a que chama mais aten\u00e7\u00e3o \u00e9 a foto de mostra <strong>Loki<\/strong> (<strong>Tom Hiddleston<\/strong>)\u00a0junto a\u00a0<strong>Gr\u00e3o-Mestre<\/strong> (<strong>Jeff Goldblum<\/strong>). Confira abaixo.<\/span><\/p>\n<p>[\/et_pb_text][\/et_pb_column][\/et_pb_row][et_pb_row admin_label=&#8221;Linha&#8221;][et_pb_column type=&#8221;4_4&#8243;][et_pb_gallery admin_label=&#8221;Galeria&#8221; gallery_ids=&#8221;68500,68501,68502&#8243; fullwidth=&#8221;on&#8221; show_title_and_caption=&#8221;on&#8221; show_pagination=&#8221;on&#8221; background_layout=&#8221;light&#8221; auto=&#8221;off&#8221; hover_overlay_color=&#8221;rgba(255,255,255,0.9)&#8221; use_border_color=&#8221;off&#8221; border_color=&#8221;#ffffff&#8221; border_style=&#8221;solid&#8221; \/][\/et_pb_column][\/et_pb_row][et_pb_row admin_label=&#8221;Linha&#8221;][et_pb_column type=&#8221;4_4&#8243;][et_pb_text admin_label=&#8221;Texto&#8221; background_layout=&#8221;light&#8221; text_orientation=&#8221;justified&#8221; use_border_color=&#8221;off&#8221; border_color=&#8221;#ffffff&#8221; border_style=&#8221;solid&#8221;]<\/p>\n<p>No terceiro filme da franquia, Thor est\u00e1 aprisionado do outro lado do universo, sem seu martelo, e se v\u00ea em uma corrida para voltar at\u00e9 Asgard e impedir o Ragnarok \u2013 a destrui\u00e7\u00e3o de seu lar e o fim da civiliza\u00e7\u00e3o asgardiana \u2013 que est\u00e1 nas m\u00e3os de uma nova e poderosa amea\u00e7a, a terr\u00edvel Hela. Mas primeiro ele precisa sobreviver a uma batalha de gladiadores que o coloca contra seu ex-aliado e vingador \u2013 o Incr\u00edvel Hulk.<\/p>\n<p>O elenco conta com<strong>\u00a0Chris Hemsworth<\/strong>\u00a0(\u201cNo Cora\u00e7\u00e3o do Mar\u201d),\u00a0<strong>Tom Hiddleston<\/strong>\u00a0(\u201cKong: A Ilha da Caveira\u201d),\u00a0<strong>Mark Ruffalo<\/strong>\u00a0(\u201cSpotlight\u201d),\u00a0<strong>Benedict Cumberbatch<\/strong>\u00a0(\u201cDoutor Estranho\u201d),\u00a0<strong>Idris Elba<\/strong>\u00a0(\u201cBeasts of No Nation\u201d),\u00a0<strong>Anthony Hopkins<\/strong>\u00a0(\u201cO Sil\u00eancio dos Inocentes\u201d),\u00a0<strong>Jaimie Alexander<\/strong>\u00a0(s\u00e9rie \u201cBlindspot\u201d),\u00a0<strong>Karl Urban<\/strong>\u00a0(\u201cStar Trek\u201d),\u00a0<strong>Cate Blanchett<\/strong>\u00a0(\u201cCarol\u201d),\u00a0<strong>Jeff Goldblum<\/strong>\u00a0(\u201cJurassic Park: O Parque dos Dinossauros\u201d),\u00a0<strong>Rachel House<\/strong>\u00a0(\u201cEncantadora de Baleias\u201d) e\u00a0<strong>Tessa Thompson<\/strong>\u00a0(s\u00e9rie \u201cWestworld\u201d).<\/p>\n<p><strong>\u201cThor: Ragnarok\u201d<\/strong>\u00a0estreia dia 26 de outubro.<\/p>\n<p>[\/et_pb_text][\/et_pb_column][\/et_pb_row][\/et_pb_section]<\/p>","protected":false},"excerpt":{"rendered":"<p>Os personagens s\u00e3o interpretados por Tom Hiddleston e Jeff Goldblum.<\/p>","protected":false},"author":46,"featured_media":68504,"comment_status":"closed","ping_status":"open","sticky":false,"template":"","format":"standard","meta":{"_exactmetrics_skip_tracking":false,"_exactmetrics_sitenote_active":false,"_exactmetrics_sitenote_note":"","_exactmetrics_sitenote_category":0,"footnotes":""},"categories":[1],"tags":[6209,10848,12364,789,4602,11104,9490,7829,10762,2196,12365],"_links":{"self":[{"href":"https:\/\/www.cinemaup.com.br\/en\/wp-json\/wp\/v2\/posts\/68499"}],"collection":[{"href":"https:\/\/www.cinemaup.com.br\/en\/wp-json\/wp\/v2\/posts"}],"about":[{"href":"https:\/\/www.cinemaup.com.br\/en\/wp-json\/wp\/v2\/types\/post"}],"author":[{"embeddable":true,"href":"https:\/\/www.cinemaup.com.br\/en\/wp-json\/wp\/v2\/users\/46"}],"replies":[{"embeddable":true,"href":"https:\/\/www.cinemaup.com.br\/en\/wp-json\/wp\/v2\/comments?post=68499"}],"version-history":[{"count":3,"href":"https:\/\/www.cinemaup.com.br\/en\/wp-json\/wp\/v2\/posts\/68499\/revisions"}],"predecessor-version":[{"id":68506,"href":"https:\/\/www.cinemaup.com.br\/en\/wp-json\/wp\/v2\/posts\/68499\/revisions\/68506"}],"wp:featuredmedia":[{"embeddable":true,"href":"https:\/\/www.cinemaup.com.br\/en\/wp-json\/wp\/v2\/media\/68504"}],"wp:attachment":[{"href":"https:\/\/www.cinemaup.com.br\/en\/wp-json\/wp\/v2\/media?parent=68499"}],"wp:term":[{"taxonomy":"category","embeddable":true,"href":"https:\/\/www.cinemaup.com.br\/en\/wp-json\/wp\/v2\/categories?post=68499"},{"taxonomy":"post_tag","embeddable":true,"href":"https:\/\/www.cinemaup.com.br\/en\/wp-json\/wp\/v2\/tags?post=68499"}],"curies":[{"name":"wp","href":"https:\/\/api.w.org\/{rel}","templated":true}]}}