{"id":68852,"date":"2017-10-20T09:30:59","date_gmt":"2017-10-20T12:30:59","guid":{"rendered":"http:\/\/supercinemaup.com\/?p=68852"},"modified":"2017-10-20T08:07:47","modified_gmt":"2017-10-20T11:07:47","slug":"poster-the-shape-of-water-protagonistas-doug-jones-sally-hawkins","status":"publish","type":"post","link":"https:\/\/www.cinemaup.com.br\/en\/poster-the-shape-of-water-protagonistas-doug-jones-sally-hawkins\/","title":{"rendered":"Novo p\u00f4ster de &#8220;The Shape of Water&#8221; destaca os protagonistas Doug Jones e Sally Hawkins"},"content":{"rendered":"<p>[et_pb_section admin_label=&#8221;section&#8221;][et_pb_row admin_label=&#8221;row&#8221;][et_pb_column type=&#8221;4_4&#8243;][et_pb_text admin_label=&#8221;Texto&#8221; background_layout=&#8221;light&#8221; text_orientation=&#8221;justified&#8221; use_border_color=&#8221;off&#8221; border_color=&#8221;#ffffff&#8221; border_style=&#8221;solid&#8221;]<\/p>\n<p><a href=\"http:\/\/supercinemaup.com\/the-shape-of-water-filme-guillermo-del-toro-recebe-leao-ouro-festival-veneza\/\" target=\"_blank\" rel=\"noopener\">O drama <strong>&#8220;The Shape of Water&#8221;<\/strong><\/a> (&#8220;A Forma da \u00c1gua&#8221;), roteirizado, produzido e dirigido por <strong>Guillermo Del Toro<\/strong>, teve um novo p\u00f4ster divulgado, o qual podemos ver os personagens de\u00a0<strong>Doug Jones<\/strong> e\u00a0<strong>Sally Hawkins<\/strong> se abra\u00e7ando embaixo d&#8217;\u00e1gua.<\/p>\n<p>O cartaz foi divulgado pelo pr\u00f3prio Del Toro no site <em>Reddit<\/em>.<\/p>\n<p>[\/et_pb_text][\/et_pb_column][\/et_pb_row][et_pb_row admin_label=&#8221;Linha&#8221;][et_pb_column type=&#8221;4_4&#8243;][et_pb_image admin_label=&#8221;Imagem&#8221; src=&#8221;http:\/\/supercinemaup.com\/wp-content\/uploads\/2017\/10\/the-shape-of-water-super-cinema-up-p\u00f4ster.jpg&#8221; show_in_lightbox=&#8221;off&#8221; url_new_window=&#8221;off&#8221; use_overlay=&#8221;off&#8221; animation=&#8221;left&#8221; sticky=&#8221;off&#8221; align=&#8221;center&#8221; force_fullwidth=&#8221;off&#8221; always_center_on_mobile=&#8221;on&#8221; use_border_color=&#8221;off&#8221; border_color=&#8221;#ffffff&#8221; border_style=&#8221;solid&#8221; \/][\/et_pb_column][\/et_pb_row][et_pb_row admin_label=&#8221;Linha&#8221;][et_pb_column type=&#8221;4_4&#8243;][et_pb_text admin_label=&#8221;Texto&#8221; background_layout=&#8221;light&#8221; text_orientation=&#8221;justified&#8221; use_border_color=&#8221;off&#8221; border_color=&#8221;#ffffff&#8221; border_style=&#8221;solid&#8221;]<\/p>\n<p>O longa \u00e9 um outro conto de fadas mundano, ambientado no contexto da era da Guerra Fria da Am\u00e9rica em 1962. No laborat\u00f3rio oculto do governo de alta seguran\u00e7a onde trabalha, Elisa solit\u00e1ria est\u00e1 presa em uma vida de sil\u00eancio e isolamento. A vida de Elisa muda para sempre quando ela e sua amiga Zelda descobrem uma experi\u00eancia secreta.<\/p>\n<p>O elenco conta com\u00a0<strong>Sally Hawkins<\/strong>\u00a0(\u201cHappy-Go-Lucky\u201d),\u00a0<strong>Octavia Spencer<\/strong>\u00a0(\u201cEstrelas Al\u00e9m do Tempo\u201d),\u00a0<strong>Doug Jones<\/strong>\u00a0(\u201cO Labirinto do Fauno\u201d),\u00a0<strong>Michael Shannon<\/strong>\u00a0(\u201cO Abrigo\u201d),\u00a0<strong>Michael Stuhlbarg<\/strong>\u00a0(\u201cTrumbo\u201d),\u00a0<strong>Richard Jenkins<\/strong>\u00a0(\u201cO Segredo da Cabana\u201d) e\u00a0<strong>Lauren Lee Smith<\/strong>\u00a0(\u201cCinemanovels\u201d).<\/p>\n<p><strong>\u201cThe Shape of Water\u201d<\/strong>\u00a0estreia dia\u00a011 de janeiro de 2018.<\/p>\n<p>[\/et_pb_text][\/et_pb_column][\/et_pb_row][\/et_pb_section]<\/p>","protected":false},"excerpt":{"rendered":"<p>O filme foi vencedor da 74\u00aa edi\u00e7\u00e3o do Festival de Veneza.<\/p>","protected":false},"author":46,"featured_media":68857,"comment_status":"closed","ping_status":"open","sticky":false,"template":"","format":"standard","meta":{"_exactmetrics_skip_tracking":false,"_exactmetrics_sitenote_active":false,"_exactmetrics_sitenote_note":"","_exactmetrics_sitenote_category":0,"footnotes":""},"categories":[1],"tags":[12486,6057,745,5670,12526,672,9490,10727],"_links":{"self":[{"href":"https:\/\/www.cinemaup.com.br\/en\/wp-json\/wp\/v2\/posts\/68852"}],"collection":[{"href":"https:\/\/www.cinemaup.com.br\/en\/wp-json\/wp\/v2\/posts"}],"about":[{"href":"https:\/\/www.cinemaup.com.br\/en\/wp-json\/wp\/v2\/types\/post"}],"author":[{"embeddable":true,"href":"https:\/\/www.cinemaup.com.br\/en\/wp-json\/wp\/v2\/users\/46"}],"replies":[{"embeddable":true,"href":"https:\/\/www.cinemaup.com.br\/en\/wp-json\/wp\/v2\/comments?post=68852"}],"version-history":[{"count":2,"href":"https:\/\/www.cinemaup.com.br\/en\/wp-json\/wp\/v2\/posts\/68852\/revisions"}],"predecessor-version":[{"id":68858,"href":"https:\/\/www.cinemaup.com.br\/en\/wp-json\/wp\/v2\/posts\/68852\/revisions\/68858"}],"wp:featuredmedia":[{"embeddable":true,"href":"https:\/\/www.cinemaup.com.br\/en\/wp-json\/wp\/v2\/media\/68857"}],"wp:attachment":[{"href":"https:\/\/www.cinemaup.com.br\/en\/wp-json\/wp\/v2\/media?parent=68852"}],"wp:term":[{"taxonomy":"category","embeddable":true,"href":"https:\/\/www.cinemaup.com.br\/en\/wp-json\/wp\/v2\/categories?post=68852"},{"taxonomy":"post_tag","embeddable":true,"href":"https:\/\/www.cinemaup.com.br\/en\/wp-json\/wp\/v2\/tags?post=68852"}],"curies":[{"name":"wp","href":"https:\/\/api.w.org\/{rel}","templated":true}]}}