{"id":68859,"date":"2017-10-20T10:30:02","date_gmt":"2017-10-20T13:30:02","guid":{"rendered":"http:\/\/supercinemaup.com\/?p=68859"},"modified":"2017-10-20T08:41:21","modified_gmt":"2017-10-20T11:41:21","slug":"daisy-ridley-luke-evans-josh-gad-atuar-comedia","status":"publish","type":"post","link":"https:\/\/www.cinemaup.com.br\/en\/daisy-ridley-luke-evans-josh-gad-atuar-comedia\/","title":{"rendered":"Daisy Ridley, Luke Evans e Josh Gad ir\u00e3o atuar juntos em com\u00e9dia"},"content":{"rendered":"<p>[et_pb_section admin_label=&#8221;section&#8221;][et_pb_row admin_label=&#8221;row&#8221;][et_pb_column type=&#8221;4_4&#8243;][et_pb_text admin_label=&#8221;Texto&#8221; background_layout=&#8221;light&#8221; text_orientation=&#8221;justified&#8221; use_border_color=&#8221;off&#8221; border_color=&#8221;#ffffff&#8221; border_style=&#8221;solid&#8221;]<\/p>\n<p>Ap\u00f3s a anima\u00e7\u00e3o<a href=\"http:\/\/supercinemaup.com\/moana-um-mar-de-aventuras\/\" target=\"_blank\" rel=\"noopener\"> <strong>&#8220;Moana&#8221;<\/strong> <\/a>e o<a href=\"http:\/\/supercinemaup.com\/disney-datas-estreia-star-wars-episodio-ix-live-action-aladdin\/\" target=\"_blank\" rel=\"noopener\"> live action <strong>&#8220;Aladdin&#8221;<\/strong><\/a>, os roteiristas\u00a0<strong>Aaron<\/strong> e <strong>Jordan Kandell<\/strong>\u00a0est\u00e3o com uma nova proposta circulando em Hollywood. Segundo o <em>Deadline<\/em>, <em>&#8220;a melhor maneira de descrev\u00ea-lo \u00e9 uma com\u00e9dia dirigida por personagens que leva uma rota\u00e7\u00e3o original ao g\u00eanero do super-her\u00f3i&#8221;<\/em>.<\/p>\n<p>Apesar do projeto estar a procura de um est\u00fadio, tr\u00eas nomes j\u00e1 foram confirmados no elenco: <strong>Josh Gad<\/strong>, <strong>Luke Evans<\/strong> e <strong>Daisy Ridley<\/strong>. A ideia de juntar esse atores foi do pr\u00f3prio Josh, o qual participa da elabora\u00e7\u00e3o do filme com sua produtora\u00a0<strong>Angry Child Productions<\/strong>.<\/p>\n<p>Recentemente, o ator trabalhou com Luke Evans no live action <a href=\"http:\/\/supercinemaup.com\/a-bela-e-a-fera-nao-se-arrisca-e-fica-so-na-homenagem\/\" target=\"_blank\" rel=\"noopener\"><strong>&#8220;A Bela e a Fera&#8221;<\/strong><\/a>, o qual interpretaram Lefou e Gast\u00e3o, respectivamente. J\u00e1 Gad e\u00a0estrela da <a href=\"http:\/\/supercinemaup.com\/cenas-ineditas-segundo-trailer-star-wars-os-ultimos-jedi-divulgado\/\" target=\"_blank\" rel=\"noopener\">nova trilogia<strong> &#8220;Star Wars&#8221;<\/strong><\/a>, Daisy Ridley, atuaram juntos no\u00a0<a href=\"http:\/\/supercinemaup.com\/hercules-poirot-tenta-descobrir-quem-e-o-assassino-em-novo-trailer-de-assassinato-no-expresso-oriente\/\" target=\"_blank\" rel=\"noopener\">filme <strong>&#8220;Assassinato no Expresso do Oriente&#8221;<\/strong> <\/a>.<\/p>\n<p>[\/et_pb_text][\/et_pb_column][\/et_pb_row][\/et_pb_section]<\/p>","protected":false},"excerpt":{"rendered":"<p>Nesse ano Gad j\u00e1 trabalhou em Evans e Ridley.<\/p>","protected":false},"author":46,"featured_media":68861,"comment_status":"closed","ping_status":"open","sticky":false,"template":"","format":"standard","meta":{"_exactmetrics_skip_tracking":false,"_exactmetrics_sitenote_active":false,"_exactmetrics_sitenote_note":"","_exactmetrics_sitenote_category":0,"footnotes":""},"categories":[1],"tags":[12527,7239,12528,6815,6004,9490],"_links":{"self":[{"href":"https:\/\/www.cinemaup.com.br\/en\/wp-json\/wp\/v2\/posts\/68859"}],"collection":[{"href":"https:\/\/www.cinemaup.com.br\/en\/wp-json\/wp\/v2\/posts"}],"about":[{"href":"https:\/\/www.cinemaup.com.br\/en\/wp-json\/wp\/v2\/types\/post"}],"author":[{"embeddable":true,"href":"https:\/\/www.cinemaup.com.br\/en\/wp-json\/wp\/v2\/users\/46"}],"replies":[{"embeddable":true,"href":"https:\/\/www.cinemaup.com.br\/en\/wp-json\/wp\/v2\/comments?post=68859"}],"version-history":[{"count":5,"href":"https:\/\/www.cinemaup.com.br\/en\/wp-json\/wp\/v2\/posts\/68859\/revisions"}],"predecessor-version":[{"id":68866,"href":"https:\/\/www.cinemaup.com.br\/en\/wp-json\/wp\/v2\/posts\/68859\/revisions\/68866"}],"wp:featuredmedia":[{"embeddable":true,"href":"https:\/\/www.cinemaup.com.br\/en\/wp-json\/wp\/v2\/media\/68861"}],"wp:attachment":[{"href":"https:\/\/www.cinemaup.com.br\/en\/wp-json\/wp\/v2\/media?parent=68859"}],"wp:term":[{"taxonomy":"category","embeddable":true,"href":"https:\/\/www.cinemaup.com.br\/en\/wp-json\/wp\/v2\/categories?post=68859"},{"taxonomy":"post_tag","embeddable":true,"href":"https:\/\/www.cinemaup.com.br\/en\/wp-json\/wp\/v2\/tags?post=68859"}],"curies":[{"name":"wp","href":"https:\/\/api.w.org\/{rel}","templated":true}]}}