{"id":69288,"date":"2017-11-02T15:30:22","date_gmt":"2017-11-02T18:30:22","guid":{"rendered":"http:\/\/supercinemaup.com\/?p=69288"},"modified":"2017-11-02T17:55:22","modified_gmt":"2017-11-02T20:55:22","slug":"primeiro-teaser-comedia-a-dupla-protagonizado-tata-werneck-caua-reymond","status":"publish","type":"post","link":"https:\/\/www.cinemaup.com.br\/en\/primeiro-teaser-comedia-a-dupla-protagonizado-tata-werneck-caua-reymond\/","title":{"rendered":"Confira o primeiro teaser da com\u00e9dia &#8220;A Dupla&#8221; protagonizado por Tat\u00e1 Werneck e Cau\u00e3 Reymond"},"content":{"rendered":"<p>[et_pb_section admin_label=&#8221;section&#8221;][et_pb_row admin_label=&#8221;row&#8221;][et_pb_column type=&#8221;4_4&#8243;][et_pb_text admin_label=&#8221;Texto&#8221; background_layout=&#8221;light&#8221; text_orientation=&#8221;justified&#8221; use_border_color=&#8221;off&#8221; border_color=&#8221;#ffffff&#8221; border_style=&#8221;solid&#8221;]<\/p>\n<p>A com\u00e9dia <strong>&#8220;A Dupla&#8221;<\/strong>, dirigida por\u00a0<strong>Marcus Baldini<\/strong> e protagonizada por <strong>Tat\u00e1 Werneck <\/strong>e<strong>\u00a0Cau\u00e3 Reymond<\/strong>, teve seu primeiro teaser divulgado. Confira abaixo.<\/p>\n<p>[\/et_pb_text][\/et_pb_column][\/et_pb_row][et_pb_row admin_label=&#8221;Linha&#8221;][et_pb_column type=&#8221;4_4&#8243;][et_pb_video admin_label=&#8221;V\u00eddeo&#8221; src=&#8221;https:\/\/www.youtube.com\/watch?v=uba_YV7AYh8&#8243;] [\/et_pb_video][\/et_pb_column][\/et_pb_row][et_pb_row admin_label=&#8221;Linha&#8221;][et_pb_column type=&#8221;4_4&#8243;][et_pb_text admin_label=&#8221;Texto&#8221; background_layout=&#8221;light&#8221; text_orientation=&#8221;justified&#8221; use_border_color=&#8221;off&#8221; border_color=&#8221;#ffffff&#8221; border_style=&#8221;solid&#8221;]<\/p>\n<p>Quando uma s\u00e9rie de assassinatos abala a rotina da cidade de Joinl\u00e2ndia, o calmo e pacato subdelegado Claudio receber\u00e1 a ajuda da destemida e experiente investigadora Keyla nas investiga\u00e7\u00f5es. No entanto, a diferen\u00e7a de ritmo e a falta de qu\u00edmica dos dois s\u00f3 atrapalhar\u00e1 a solu\u00e7\u00e3o do caso.<\/p>\n<p>O elenco conta com\u00a0<strong>Tat\u00e1 Werneck<\/strong> (&#8220;TOC &#8211; Transtornada Obsessiva Compulsiva&#8221;), <strong>Cau\u00e3 Reymond<\/strong> (&#8220;Reza a Lenda&#8221;), <strong>Daniel Furlan<\/strong> (&#8220;La Vingan\u00e7a&#8221;), <strong>Augusto Madeira<\/strong> (<a href=\"http:\/\/supercinemaup.com\/bingo-o-rei-das-manhas-prazeroso-melhores-filmes-nacionais-ano\/\" target=\"_blank\" rel=\"noopener\">&#8220;Bingo: O Rei das Manh\u00e3s&#8221;<\/a>) e\u00a0<strong>Louise Cardoso<\/strong> (&#8220;Doce de M\u00e3e&#8221;).<\/p>\n<p><strong>&#8220;A Dupla&#8221;<\/strong> estreia dia 8 de fevereiro 2018.<\/p>\n<p>[\/et_pb_text][\/et_pb_column][\/et_pb_row][\/et_pb_section]<\/p>","protected":false},"excerpt":{"rendered":"<p>Dirigido por Marcus Baldini.<\/p>","protected":false},"author":46,"featured_media":69292,"comment_status":"closed","ping_status":"open","sticky":false,"template":"","format":"standard","meta":{"_exactmetrics_skip_tracking":false,"_exactmetrics_sitenote_active":false,"_exactmetrics_sitenote_note":"","_exactmetrics_sitenote_category":0,"footnotes":""},"categories":[1],"tags":[12682,5138,12683,180,9490,5937,2676],"_links":{"self":[{"href":"https:\/\/www.cinemaup.com.br\/en\/wp-json\/wp\/v2\/posts\/69288"}],"collection":[{"href":"https:\/\/www.cinemaup.com.br\/en\/wp-json\/wp\/v2\/posts"}],"about":[{"href":"https:\/\/www.cinemaup.com.br\/en\/wp-json\/wp\/v2\/types\/post"}],"author":[{"embeddable":true,"href":"https:\/\/www.cinemaup.com.br\/en\/wp-json\/wp\/v2\/users\/46"}],"replies":[{"embeddable":true,"href":"https:\/\/www.cinemaup.com.br\/en\/wp-json\/wp\/v2\/comments?post=69288"}],"version-history":[{"count":3,"href":"https:\/\/www.cinemaup.com.br\/en\/wp-json\/wp\/v2\/posts\/69288\/revisions"}],"predecessor-version":[{"id":69303,"href":"https:\/\/www.cinemaup.com.br\/en\/wp-json\/wp\/v2\/posts\/69288\/revisions\/69303"}],"wp:featuredmedia":[{"embeddable":true,"href":"https:\/\/www.cinemaup.com.br\/en\/wp-json\/wp\/v2\/media\/69292"}],"wp:attachment":[{"href":"https:\/\/www.cinemaup.com.br\/en\/wp-json\/wp\/v2\/media?parent=69288"}],"wp:term":[{"taxonomy":"category","embeddable":true,"href":"https:\/\/www.cinemaup.com.br\/en\/wp-json\/wp\/v2\/categories?post=69288"},{"taxonomy":"post_tag","embeddable":true,"href":"https:\/\/www.cinemaup.com.br\/en\/wp-json\/wp\/v2\/tags?post=69288"}],"curies":[{"name":"wp","href":"https:\/\/api.w.org\/{rel}","templated":true}]}}