{"id":69299,"date":"2017-11-02T17:47:57","date_gmt":"2017-11-02T20:47:57","guid":{"rendered":"http:\/\/supercinemaup.com\/?p=69299"},"modified":"2017-11-02T17:47:57","modified_gmt":"2017-11-02T20:47:57","slug":"finn-rose-imagem-star-wars-os-ultimos-jedi","status":"publish","type":"post","link":"https:\/\/www.cinemaup.com.br\/en\/finn-rose-imagem-star-wars-os-ultimos-jedi\/","title":{"rendered":"Finn e Rose parecem juntos em nova imagem de &#8220;Star Wars: Os \u00daltimos Jedi&#8221;"},"content":{"rendered":"<p>[et_pb_section admin_label=&#8221;section&#8221;][et_pb_row admin_label=&#8221;row&#8221;][et_pb_column type=&#8221;4_4&#8243;][et_pb_text admin_label=&#8221;Texto&#8221; background_layout=&#8221;light&#8221; text_orientation=&#8221;justified&#8221; use_border_color=&#8221;off&#8221; border_color=&#8221;#ffffff&#8221; border_style=&#8221;solid&#8221;]<\/p>\n<p>O oitavo cap\u00edtulo da saga <strong>&#8220;Star Wars&#8221;<\/strong>, teve uma nova imagem divulgada, nela podemos ver <strong>Finn<\/strong> (<strong>John Boyega<\/strong>) e <strong>Rose<\/strong> (<strong>Kelly Marie Tran<\/strong>) juntos em uma nave.<\/p>\n<p>[\/et_pb_text][\/et_pb_column][\/et_pb_row][et_pb_row admin_label=&#8221;Linha&#8221;][et_pb_column type=&#8221;4_4&#8243;][et_pb_image admin_label=&#8221;Imagem&#8221; src=&#8221;http:\/\/supercinemaup.com\/wp-content\/uploads\/2017\/11\/star-wars-os-u\u0301ltimos-jedi-super-cinema-up-foto-disney-lucasfilm.jpg&#8221; show_in_lightbox=&#8221;off&#8221; url_new_window=&#8221;off&#8221; use_overlay=&#8221;off&#8221; animation=&#8221;left&#8221; sticky=&#8221;off&#8221; align=&#8221;center&#8221; force_fullwidth=&#8221;off&#8221; always_center_on_mobile=&#8221;on&#8221; use_border_color=&#8221;off&#8221; border_color=&#8221;#ffffff&#8221; border_style=&#8221;solid&#8221; \/][\/et_pb_column][\/et_pb_row][et_pb_row admin_label=&#8221;Linha&#8221;][et_pb_column type=&#8221;4_4&#8243;][et_pb_text admin_label=&#8221;Texto&#8221; background_layout=&#8221;light&#8221; text_orientation=&#8221;justified&#8221; use_border_color=&#8221;off&#8221; border_color=&#8221;#ffffff&#8221; border_style=&#8221;solid&#8221;]<\/p>\n<p>No novo longa, a saga Skywalker continua quando os her\u00f3is de\u00a0<a href=\"http:\/\/supercinemaup.com\/star-wars-episodio-vii-o-despertar-da-forca\/\" target=\"_blank\" rel=\"noopener\">\u201cO Despertar da For\u00e7a\u201d<\/a>\u00a0se juntam com as lendas gal\u00e1cticas em uma aventura \u00e9pica repleto de mist\u00e9rios antigos da For\u00e7a e revela\u00e7\u00f5es chocantes do passado.<\/p>\n<p>O elenco conta com\u00a0<strong>Daisy Ridley<\/strong>,<strong>\u00a0Mark Hamil<\/strong>,<strong>\u00a0Oscar Isaac<\/strong>,<strong>\u00a0Adam Driver<\/strong>,<strong>\u00a0John Boyega<\/strong>,<strong>\u00a0Laura Dern<\/strong>,<strong>\u00a0Benicio Del Toro<\/strong>,<strong>Carrie Fisher<\/strong>,<strong>\u00a0Lupita Nyong\u2019o<\/strong>,<strong>\u00a0Domhnall Gleeson<\/strong>\u00a0e\u00a0<strong><a href=\"http:\/\/supercinemaup.com\/novo-personagem-star-wars-ultimos-jedi\/\" target=\"_blank\" rel=\"noopener noreferrer\">Kelly Marie Tran<\/a>.<\/strong><\/p>\n<p><strong>\u201cStar Wars: Os \u00daltimos Jedi\u201d<\/strong>\u00a0estreia dia 15 de dezembro.<\/p>\n<p>[\/et_pb_text][\/et_pb_column][\/et_pb_row][\/et_pb_section]<\/p>","protected":false},"excerpt":{"rendered":"<p>O oitavo cap\u00edtulo da saga estreia em dezembro.<\/p>","protected":false},"author":46,"featured_media":67162,"comment_status":"closed","ping_status":"open","sticky":false,"template":"","format":"standard","meta":{"_exactmetrics_skip_tracking":false,"_exactmetrics_sitenote_active":false,"_exactmetrics_sitenote_note":"","_exactmetrics_sitenote_category":0,"footnotes":""},"categories":[1],"tags":[69,9134,6209,11171,6097,9132,4910,9133,2436,6895,9490],"_links":{"self":[{"href":"https:\/\/www.cinemaup.com.br\/en\/wp-json\/wp\/v2\/posts\/69299"}],"collection":[{"href":"https:\/\/www.cinemaup.com.br\/en\/wp-json\/wp\/v2\/posts"}],"about":[{"href":"https:\/\/www.cinemaup.com.br\/en\/wp-json\/wp\/v2\/types\/post"}],"author":[{"embeddable":true,"href":"https:\/\/www.cinemaup.com.br\/en\/wp-json\/wp\/v2\/users\/46"}],"replies":[{"embeddable":true,"href":"https:\/\/www.cinemaup.com.br\/en\/wp-json\/wp\/v2\/comments?post=69299"}],"version-history":[{"count":2,"href":"https:\/\/www.cinemaup.com.br\/en\/wp-json\/wp\/v2\/posts\/69299\/revisions"}],"predecessor-version":[{"id":69302,"href":"https:\/\/www.cinemaup.com.br\/en\/wp-json\/wp\/v2\/posts\/69299\/revisions\/69302"}],"wp:featuredmedia":[{"embeddable":true,"href":"https:\/\/www.cinemaup.com.br\/en\/wp-json\/wp\/v2\/media\/67162"}],"wp:attachment":[{"href":"https:\/\/www.cinemaup.com.br\/en\/wp-json\/wp\/v2\/media?parent=69299"}],"wp:term":[{"taxonomy":"category","embeddable":true,"href":"https:\/\/www.cinemaup.com.br\/en\/wp-json\/wp\/v2\/categories?post=69299"},{"taxonomy":"post_tag","embeddable":true,"href":"https:\/\/www.cinemaup.com.br\/en\/wp-json\/wp\/v2\/tags?post=69299"}],"curies":[{"name":"wp","href":"https:\/\/api.w.org\/{rel}","templated":true}]}}