{"id":69376,"date":"2017-11-06T11:30:11","date_gmt":"2017-11-06T14:30:11","guid":{"rendered":"http:\/\/supercinemaup.com\/?p=69376"},"modified":"2017-11-06T10:46:14","modified_gmt":"2017-11-06T13:46:14","slug":"kevin-spacey-demitido-netflix","status":"publish","type":"post","link":"https:\/\/www.cinemaup.com.br\/en\/kevin-spacey-demitido-netflix\/","title":{"rendered":"Kevin Spacey \u00e9 demitido da Netflix"},"content":{"rendered":"<p>[et_pb_section admin_label=&#8221;section&#8221;][et_pb_row admin_label=&#8221;row&#8221;][et_pb_column type=&#8221;4_4&#8243;][et_pb_text admin_label=&#8221;Texto&#8221; background_layout=&#8221;light&#8221; text_orientation=&#8221;justified&#8221; use_border_color=&#8221;off&#8221; border_color=&#8221;#ffffff&#8221; border_style=&#8221;solid&#8221;]<\/p>\n<p>O ator <strong>Kevin Spacey<\/strong> \u00e9 demitido da <strong>Netflix<\/strong> ap\u00f3s diversas acusa\u00e7\u00f5es de ass\u00e9dio. Atualmente o ator estava atuando na s\u00e9rie <strong>&#8220;House of Cards&#8221;<\/strong> onde protagonizava<strong>\u00a0Frank Underwood<\/strong>. A empresa tamb\u00e9m afirma que a cinebiografia\u00a0<strong>&#8220;Gore&#8221;<\/strong>, que seria produzida e protagonizado por Spacey, foi cancelada.<\/p>\n<p><em>&#8220;Netflix n\u00e3o se envolver\u00e1 mais em nenhuma produ\u00e7\u00e3o de House of Cards que inclua Kevin Spacey. Vamos continuar trabalhando com a MRC durante o hiato para avaliar nossos pr\u00f3ximos passos com rela\u00e7\u00e3o \u00e0 s\u00e9rie. Tamb\u00e9m decidimos que n\u00e3o seguiremos com o lan\u00e7amento de Gore, que estava em p\u00f3s-produ\u00e7\u00e3o e era estrelado e produzido por Kevin Spacey&#8221;<\/em>, declarou a Netflix.<\/p>\n<p>O servi\u00e7o de streaming havia confirmado que a sexta temporada da s\u00e9rie &#8220;House of Cards&#8221; seria a \u00faltima, por\u00e9m suas grava\u00e7\u00f5es ainda n\u00e3o haviam iniciado.<\/p>\n<p>A primeira den\u00fancia de ass\u00e9dio foi feita pelo ator\u00a0<strong>Anthony Rapp\u00a0<\/strong>(&#8220;Star Trek: Discovery&#8221;), em entrevista ao <em>BuzzFeed, &#8220;Rapp alega publicamente pela primeira vez que, em 1986, Spacey fez amizade de Rapp enquanto ambos se apresentavam nos shows da Broadway, convidou Rapp para o apartamento dele para uma festa e, no final da noite, pegou Rapp no colo, colocou-o em sua cama e subiu em cima dele, fazendo um avan\u00e7o sexual. De acordo com registros p\u00fablicos, Spacey tinha 26. Rapp era 14.&#8221;<\/em>.<\/p>\n<p>Em resposta, Kevin Spacey disse n\u00e3o se lembrar do ocorrido e pediu desculpas.<\/p>\n<p>[\/et_pb_text][\/et_pb_column][\/et_pb_row][et_pb_row admin_label=&rdquo;Linha&rdquo;][et_pb_column type=&rdquo;4_4&Prime;][et_pb_code admin_label=&rdquo;C&oacute;digo&rdquo;]&lt;blockquote class=&quot;&rdquo;twitter-tweet&rdquo;&quot; data-lang=&quot;&rdquo;pt&rdquo;&quot;&gt;&lt;p lang=&quot;&rdquo;und&rdquo;&quot; dir=&quot;&rdquo;ltr&rdquo;&quot;&gt;&lt;a href=&quot;\/en\/&rdquo;https:\/\/t.co\/X6ybi5atr5&Prime;\/&quot;&gt;pic.twitter.com\/X6ybi5atr5&lt;\/a&gt;&lt;\/p&gt;&amp;mdash; Kevin Spacey (@KevinSpacey) &lt;a href=&quot;\/en\/&rdquo;https:\/\/twitter.com\/KevinSpacey\/status\/924848412842971136\/?ref_src=twsrc^tfw&rdquo;&quot;&gt;30 de outubro de 2017&lt;\/a&gt;&lt;\/blockquote&gt;&lt;!&ndash; [et_pb_line_break_holder] &ndash;&gt;&lt;script async src=&quot;&rdquo;https:\/\/platform.twitter.com\/widgets.js&rdquo;&quot; charset=&quot;&rdquo;utf-8&Prime;&quot;&gt;&lt;\/script&gt;&lt;!&ndash; [et_pb_line_break_holder] &ndash;&gt;[\/et_pb_code][et_pb_text admin_label=&rdquo;Texto&rdquo; background_layout=&rdquo;light&rdquo; text_orientation=&rdquo;justified&rdquo; use_border_color=&rdquo;off&rdquo; border_color=&rdquo;#ffffff&rdquo; border_style=&rdquo;solid&rdquo;]<\/p>\n<p><em>&#8220;Eu tenho um grande respeito e admira\u00e7\u00e3o por Anthony Rapp como ator. Estou horrorizado ao ouvir sua hist\u00f3ria. Eu honestamente n\u00e3o me lembro do ocorrido, deve-se fazer mais de 30 anos. Mas se eu agi como ele descreveu, eu devo a ele as mais sinceras desculpas do que deve ser um profundo inapropriado comportamento de b\u00eabado, e eu sinto muito por esses sentimentos que ele descreveu que carrega com ela todos esses anos.<\/em><\/p>\n<p><em>Essa hist\u00f3ria me encorajou a falar sobre outras coisas da minha vida. Eu sei que h\u00e1 hist\u00f3rias por a\u00ed sobre mim e algumas que foram alimentadas pelo fato de eu ser protetor quanto a minha vida privada.\u00a0Como os mais pr\u00f3ximos de mim sabem, na minha vida tive relacionamentos com homens e mulheres. Eu amei e tive encontros rom\u00e2nticos com homens e mulheres ao longo da minha vida e decidi agora viver como um homem gay. Eu quero lidar com isso honestamente e abertamente e come\u00e7ar a examinar meu pr\u00f3prio comportamento.&#8221;<\/em>.<\/p>\n<p>Ap\u00f3s isso, oito funcion\u00e1rios da produ\u00e7\u00e3o da s\u00e9rie alegaram que tamb\u00e9m sofreram ass\u00e9dios pelo ator.<\/p>\n<p>[\/et_pb_text][\/et_pb_column][\/et_pb_row][\/et_pb_section]<\/p>","protected":false},"excerpt":{"rendered":"<p>Atualmente o ator estava trabalhando na s\u00e9rie &#8220;House of Cards&#8221;.<\/p>","protected":false},"author":46,"featured_media":69377,"comment_status":"closed","ping_status":"open","sticky":false,"template":"","format":"standard","meta":{"_exactmetrics_skip_tracking":false,"_exactmetrics_sitenote_active":false,"_exactmetrics_sitenote_note":"","_exactmetrics_sitenote_category":0,"footnotes":""},"categories":[1],"tags":[12700,9512,4976,1125,1648,9490],"_links":{"self":[{"href":"https:\/\/www.cinemaup.com.br\/en\/wp-json\/wp\/v2\/posts\/69376"}],"collection":[{"href":"https:\/\/www.cinemaup.com.br\/en\/wp-json\/wp\/v2\/posts"}],"about":[{"href":"https:\/\/www.cinemaup.com.br\/en\/wp-json\/wp\/v2\/types\/post"}],"author":[{"embeddable":true,"href":"https:\/\/www.cinemaup.com.br\/en\/wp-json\/wp\/v2\/users\/46"}],"replies":[{"embeddable":true,"href":"https:\/\/www.cinemaup.com.br\/en\/wp-json\/wp\/v2\/comments?post=69376"}],"version-history":[{"count":2,"href":"https:\/\/www.cinemaup.com.br\/en\/wp-json\/wp\/v2\/posts\/69376\/revisions"}],"predecessor-version":[{"id":69379,"href":"https:\/\/www.cinemaup.com.br\/en\/wp-json\/wp\/v2\/posts\/69376\/revisions\/69379"}],"wp:featuredmedia":[{"embeddable":true,"href":"https:\/\/www.cinemaup.com.br\/en\/wp-json\/wp\/v2\/media\/69377"}],"wp:attachment":[{"href":"https:\/\/www.cinemaup.com.br\/en\/wp-json\/wp\/v2\/media?parent=69376"}],"wp:term":[{"taxonomy":"category","embeddable":true,"href":"https:\/\/www.cinemaup.com.br\/en\/wp-json\/wp\/v2\/categories?post=69376"},{"taxonomy":"post_tag","embeddable":true,"href":"https:\/\/www.cinemaup.com.br\/en\/wp-json\/wp\/v2\/tags?post=69376"}],"curies":[{"name":"wp","href":"https:\/\/api.w.org\/{rel}","templated":true}]}}