{"id":69752,"date":"2017-11-22T10:30:51","date_gmt":"2017-11-22T13:30:51","guid":{"rendered":"http:\/\/supercinemaup.com\/?p=69752"},"modified":"2017-11-22T09:01:56","modified_gmt":"2017-11-22T12:01:56","slug":"comedia-the-good-place-renovada-3a-temporada","status":"publish","type":"post","link":"https:\/\/www.cinemaup.com.br\/en\/comedia-the-good-place-renovada-3a-temporada\/","title":{"rendered":"Com\u00e9dia de &#8220;The Good Place&#8221; \u00e9 renovada para 3\u00aa temporada"},"content":{"rendered":"<p>[et_pb_section admin_label=&#8221;section&#8221;][et_pb_row admin_label=&#8221;row&#8221;][et_pb_column type=&#8221;4_4&#8243;][et_pb_text admin_label=&#8221;Texto&#8221; background_layout=&#8221;light&#8221; text_orientation=&#8221;justified&#8221; use_border_color=&#8221;off&#8221; border_color=&#8221;#ffffff&#8221; border_style=&#8221;solid&#8221;]<\/p>\n<p>A emissora americana <strong>NBC<\/strong> anunciou que a\u00a0s\u00e9rie de com\u00e9dia<strong> &#8220;The Good Place&#8221;<\/strong>, foi renovada para mais uma temporada, seguindo rumo \u00e0 um terceiro ano, estrelada por<strong>\u00a0Kristen Bell<\/strong> e <strong>Ted Danson<\/strong>.<\/p>\n<p>[\/et_pb_text][\/et_pb_column][\/et_pb_row][et_pb_row admin_label=&#8221;Linha&#8221;][et_pb_column type=&#8221;1_2&#8243;][et_pb_image admin_label=&#8221;Imagem&#8221; src=&#8221;http:\/\/supercinemaup.com\/wp-content\/uploads\/2017\/11\/the-good-place-super-cinema-up.jpg&#8221; show_in_lightbox=&#8221;off&#8221; url_new_window=&#8221;off&#8221; use_overlay=&#8221;off&#8221; animation=&#8221;left&#8221; sticky=&#8221;off&#8221; align=&#8221;left&#8221; force_fullwidth=&#8221;off&#8221; always_center_on_mobile=&#8221;on&#8221; use_border_color=&#8221;off&#8221; border_color=&#8221;#ffffff&#8221; border_style=&#8221;solid&#8221; custom_margin=&#8221;|10px||&#8221; \/][\/et_pb_column][et_pb_column type=&#8221;1_2&#8243;][et_pb_text admin_label=&#8221;Texto&#8221; background_layout=&#8221;light&#8221; text_orientation=&#8221;justified&#8221; use_border_color=&#8221;off&#8221; border_color=&#8221;#ffffff&#8221; border_style=&#8221;solid&#8221; custom_padding=&#8221;|||10px&#8221;]<\/p>\n<p>Assim como as anteriores, a terceira temporada estrelada por ter\u00e1 13 epis\u00f3dios e conta com o retorno de\u00a0<strong>William Jackson Harper<\/strong>,<strong>\u00a0Jameela\u00a0Jamil<\/strong>, <strong>Manny Jacinto<\/strong> e <strong>D\u2019Arcy\u00a0Carden<\/strong>.<\/p>\n<p>A s\u00e9rie acompanha\u00a0Eleanor Shellstrop (Kristen Bell), uma mulher comum que entra no p\u00f3s-vida e, gra\u00e7as a algum tipo de erro, \u00e9 enviada ao Lugar Bom em vez do Lugar Ruim, que \u00e9 definitivamente aonde ela pertence. Enquanto se esconde \u00e0 vista de Michael (Ted Danson), o s\u00e1bio arquiteto do Lugar Bom (que n\u00e3o sabe que ele cometeu um erro), ela est\u00e1 determinada a derramar sua antiga maneira de viver e descobrir a pessoa incr\u00edvel (ou, pelo menos, muito boa) que tem dentro de si.<\/p>\n<p>&#8220;The Good Place&#8221; foi desenvolvida por\u00a0<strong>Mike Schur<\/strong>, o mesmo criador de <strong>&#8220;Parks and Recreation&#8221;<\/strong> e\u00a0<strong>&#8220;Brooklyn Nine-Nine&#8221;<\/strong>. Nos EUA a s\u00e9rie \u00e9 transmitida pela NBC, j\u00e1 no Brasil sua exibi\u00e7\u00e3o \u00e9 feita pelo servi\u00e7o de streaming <strong>Netflix<\/strong>.<\/p>\n<p>A segunda temporada retorno no dia 4 de janeiro de 2018 nos EUA.<\/p>\n<p>[\/et_pb_text][\/et_pb_column][\/et_pb_row][\/et_pb_section]<\/p>","protected":false},"excerpt":{"rendered":"<p>Do mesmo criador de \u201cParks and Recreation\u201d e \u201cBrooklyn Nine-Nine\u201d.<\/p>","protected":false},"author":46,"featured_media":69753,"comment_status":"closed","ping_status":"open","sticky":false,"template":"","format":"standard","meta":{"_exactmetrics_skip_tracking":false,"_exactmetrics_sitenote_active":false,"_exactmetrics_sitenote_note":"","_exactmetrics_sitenote_category":0,"footnotes":""},"categories":[1],"tags":[12859,87,12864,12862,9335,12863,12865,4844,1648,12856,3205,9490,12860,12855,12858,12857,12861],"_links":{"self":[{"href":"https:\/\/www.cinemaup.com.br\/en\/wp-json\/wp\/v2\/posts\/69752"}],"collection":[{"href":"https:\/\/www.cinemaup.com.br\/en\/wp-json\/wp\/v2\/posts"}],"about":[{"href":"https:\/\/www.cinemaup.com.br\/en\/wp-json\/wp\/v2\/types\/post"}],"author":[{"embeddable":true,"href":"https:\/\/www.cinemaup.com.br\/en\/wp-json\/wp\/v2\/users\/46"}],"replies":[{"embeddable":true,"href":"https:\/\/www.cinemaup.com.br\/en\/wp-json\/wp\/v2\/comments?post=69752"}],"version-history":[{"count":4,"href":"https:\/\/www.cinemaup.com.br\/en\/wp-json\/wp\/v2\/posts\/69752\/revisions"}],"predecessor-version":[{"id":69758,"href":"https:\/\/www.cinemaup.com.br\/en\/wp-json\/wp\/v2\/posts\/69752\/revisions\/69758"}],"wp:featuredmedia":[{"embeddable":true,"href":"https:\/\/www.cinemaup.com.br\/en\/wp-json\/wp\/v2\/media\/69753"}],"wp:attachment":[{"href":"https:\/\/www.cinemaup.com.br\/en\/wp-json\/wp\/v2\/media?parent=69752"}],"wp:term":[{"taxonomy":"category","embeddable":true,"href":"https:\/\/www.cinemaup.com.br\/en\/wp-json\/wp\/v2\/categories?post=69752"},{"taxonomy":"post_tag","embeddable":true,"href":"https:\/\/www.cinemaup.com.br\/en\/wp-json\/wp\/v2\/tags?post=69752"}],"curies":[{"name":"wp","href":"https:\/\/api.w.org\/{rel}","templated":true}]}}