{"id":70441,"date":"2017-12-20T15:49:58","date_gmt":"2017-12-20T18:49:58","guid":{"rendered":"http:\/\/supercinemaup.com\/?p=70441"},"modified":"2017-12-20T15:12:52","modified_gmt":"2017-12-20T18:12:52","slug":"trailer-4a-temporada-gracie-and-frankie-participacao-especial","status":"publish","type":"post","link":"https:\/\/www.cinemaup.com.br\/en\/trailer-4a-temporada-gracie-and-frankie-participacao-especial\/","title":{"rendered":"Trailer da 4\u00aa temporada de &#8220;Gracie and Frankie&#8221; anuncia participa\u00e7\u00e3o especial"},"content":{"rendered":"<p>[et_pb_section admin_label=&#8221;section&#8221;][et_pb_row admin_label=&#8221;row&#8221;][et_pb_column type=&#8221;4_4&#8243;][et_pb_text admin_label=&#8221;Texto&#8221; background_layout=&#8221;light&#8221; text_orientation=&#8221;justified&#8221; use_border_color=&#8221;off&#8221; border_color=&#8221;#ffffff&#8221; border_style=&#8221;solid&#8221;]<\/p>\n<p>Hoje (20), a <strong>Netflix<\/strong> divulgou o trailer da quarta temporada da s\u00e9rie<strong> &#8220;Gracie and Frankie&#8221;<\/strong>. O novo ano ir\u00e1 contar com uma participa\u00e7\u00e3o especial: <strong>Lisa Kudrow<\/strong>, conhecida por interpretar durante 10 anos, <strong>Phoebe Buffay<\/strong> na s\u00e9rie<strong> &#8220;FRIENDS&#8221;<\/strong>, tamb\u00e9m criada por\u00a0<strong>Marta Kauffman<\/strong>.<\/p>\n<p>[\/et_pb_text][\/et_pb_column][\/et_pb_row][et_pb_row admin_label=&#8221;Linha&#8221;][et_pb_column type=&#8221;4_4&#8243;][et_pb_video admin_label=&#8221;V\u00eddeo&#8221; src=&#8221;https:\/\/www.youtube.com\/watch?v=s6bsCfp6uTw&#8221;] [\/et_pb_video][\/et_pb_column][\/et_pb_row][et_pb_row admin_label=&#8221;Linha&#8221;][et_pb_column type=&#8221;4_4&#8243;][et_pb_text admin_label=&#8221;Texto&#8221; background_layout=&#8221;light&#8221; text_orientation=&#8221;justified&#8221; use_border_color=&#8221;off&#8221; border_color=&#8221;#ffffff&#8221; border_style=&#8221;solid&#8221;]<\/p>\n<p><strong>&#8220;Grace and Frankie&#8221;<\/strong> retorna dia 19 de janeiro.<\/p>\n<p>[\/et_pb_text][\/et_pb_column][\/et_pb_row][\/et_pb_section]<\/p>","protected":false},"excerpt":{"rendered":"<p>Da mesma criadora de &#8220;FRIENDS&#8221;.<\/p>","protected":false},"author":46,"featured_media":70444,"comment_status":"closed","ping_status":"open","sticky":false,"template":"","format":"standard","meta":{"_exactmetrics_skip_tracking":false,"_exactmetrics_sitenote_active":false,"_exactmetrics_sitenote_note":"","_exactmetrics_sitenote_category":0,"footnotes":""},"categories":[1],"tags":[13146,2525,13155,13156,7092,13158,1648,13157,3205,9490],"_links":{"self":[{"href":"https:\/\/www.cinemaup.com.br\/en\/wp-json\/wp\/v2\/posts\/70441"}],"collection":[{"href":"https:\/\/www.cinemaup.com.br\/en\/wp-json\/wp\/v2\/posts"}],"about":[{"href":"https:\/\/www.cinemaup.com.br\/en\/wp-json\/wp\/v2\/types\/post"}],"author":[{"embeddable":true,"href":"https:\/\/www.cinemaup.com.br\/en\/wp-json\/wp\/v2\/users\/46"}],"replies":[{"embeddable":true,"href":"https:\/\/www.cinemaup.com.br\/en\/wp-json\/wp\/v2\/comments?post=70441"}],"version-history":[{"count":3,"href":"https:\/\/www.cinemaup.com.br\/en\/wp-json\/wp\/v2\/posts\/70441\/revisions"}],"predecessor-version":[{"id":70445,"href":"https:\/\/www.cinemaup.com.br\/en\/wp-json\/wp\/v2\/posts\/70441\/revisions\/70445"}],"wp:featuredmedia":[{"embeddable":true,"href":"https:\/\/www.cinemaup.com.br\/en\/wp-json\/wp\/v2\/media\/70444"}],"wp:attachment":[{"href":"https:\/\/www.cinemaup.com.br\/en\/wp-json\/wp\/v2\/media?parent=70441"}],"wp:term":[{"taxonomy":"category","embeddable":true,"href":"https:\/\/www.cinemaup.com.br\/en\/wp-json\/wp\/v2\/categories?post=70441"},{"taxonomy":"post_tag","embeddable":true,"href":"https:\/\/www.cinemaup.com.br\/en\/wp-json\/wp\/v2\/tags?post=70441"}],"curies":[{"name":"wp","href":"https:\/\/api.w.org\/{rel}","templated":true}]}}