{"id":70741,"date":"2018-01-04T09:00:18","date_gmt":"2018-01-04T12:00:18","guid":{"rendered":"http:\/\/supercinemaup.com\/?p=70741"},"modified":"2018-01-04T08:46:14","modified_gmt":"2018-01-04T11:46:14","slug":"atriz-cate-blanchett-assumira-o-juri-do-festival-de-cannes-2018","status":"publish","type":"post","link":"https:\/\/www.cinemaup.com.br\/en\/atriz-cate-blanchett-assumira-o-juri-do-festival-de-cannes-2018\/","title":{"rendered":"Atriz Cate Blanchett assumir\u00e1 o j\u00fari do Festival de Cannes 2018"},"content":{"rendered":"<p>[et_pb_section admin_label=&#8221;section&#8221;][et_pb_row admin_label=&#8221;row&#8221;][et_pb_column type=&#8221;4_4&#8243;][et_pb_text admin_label=&#8221;Texto&#8221; background_layout=&#8221;light&#8221; text_orientation=&#8221;justified&#8221; use_border_color=&#8221;off&#8221; border_color=&#8221;#ffffff&#8221; border_style=&#8221;solid&#8221;]<\/p>\n<p>A organiza\u00e7\u00e3o do <strong>Festival de Cannes 2018<\/strong>, anunciou nesta quinta-feira (4) que a\u00a0atriz <strong>Cate Blanchett<\/strong> ser\u00e1 presidente do j\u00fari na 71\u00aa edi\u00e7\u00e3o do evento, cargo esse que\u00a0<strong>Pedro Almod\u00f3var<\/strong>\u00a0ocupou no evento anterior.<\/p>\n<p><em>&#8220;Eu estive em Cannes com muitas formas ao longo dos anos; como atriz, produtora, no mercado, na Gala-esfera e na Competi\u00e7\u00e3o&#8221;<\/em>, disse a atriz em comunicado,<em>&#8220;mas nunca pelo \u00fanico prazer de assistir a cornuc\u00f3pia de filmes que este festival abriga.&#8221;<\/em>.<\/p>\n<p>Blanchett ainda acrescenta,\u00a0<em>&#8220;Estou honrada pelo privil\u00e9gio e a responsabilidade de presidir o j\u00fari deste ano. Este festival desempenha um papel fundamental em reunir o mundo para celebrar a hist\u00f3ria; aquele esfor\u00e7o estranho e vital que todos os povos compartilham, entendem e desejam.&#8221;<\/em>.<\/p>\n<p>O presidente do Festival,\u00a0<strong>Pierre Lescure<\/strong>, e o delegado geral,\u00a0<strong>Thierry Fr\u00e9maux<\/strong>, se pronunciaram sobre a escolha de Cate Blanchett no j\u00fari,\u00a0<em>&#8220;Estamos muito satisfeitos em receber um artista t\u00e3o raro e \u00fanico, cujo talento e convic\u00e7\u00f5es enriquecem tela e palco. Nossas conversas deste outono nos dizem que ela ser\u00e1 um presidente comprometido, uma mulher apaixonada e um espectador de cora\u00e7\u00e3o amplo.&#8221;<\/em>.<\/p>\n<p>O Festival de Cannes 2018 acontece entre os dias 8 e 19 de maio.<\/p>\n<p>[\/et_pb_text][\/et_pb_column][\/et_pb_row][\/et_pb_section]<\/p>","protected":false},"excerpt":{"rendered":"<p>O Festival acontece em maio.<\/p>","protected":false},"author":46,"featured_media":68153,"comment_status":"closed","ping_status":"open","sticky":false,"template":"","format":"standard","meta":{"_exactmetrics_skip_tracking":false,"_exactmetrics_sitenote_active":false,"_exactmetrics_sitenote_note":"","_exactmetrics_sitenote_category":0,"footnotes":""},"categories":[1],"tags":[13278,2339,568,13277,13279,13280,9490],"_links":{"self":[{"href":"https:\/\/www.cinemaup.com.br\/en\/wp-json\/wp\/v2\/posts\/70741"}],"collection":[{"href":"https:\/\/www.cinemaup.com.br\/en\/wp-json\/wp\/v2\/posts"}],"about":[{"href":"https:\/\/www.cinemaup.com.br\/en\/wp-json\/wp\/v2\/types\/post"}],"author":[{"embeddable":true,"href":"https:\/\/www.cinemaup.com.br\/en\/wp-json\/wp\/v2\/users\/46"}],"replies":[{"embeddable":true,"href":"https:\/\/www.cinemaup.com.br\/en\/wp-json\/wp\/v2\/comments?post=70741"}],"version-history":[{"count":2,"href":"https:\/\/www.cinemaup.com.br\/en\/wp-json\/wp\/v2\/posts\/70741\/revisions"}],"predecessor-version":[{"id":70743,"href":"https:\/\/www.cinemaup.com.br\/en\/wp-json\/wp\/v2\/posts\/70741\/revisions\/70743"}],"wp:featuredmedia":[{"embeddable":true,"href":"https:\/\/www.cinemaup.com.br\/en\/wp-json\/wp\/v2\/media\/68153"}],"wp:attachment":[{"href":"https:\/\/www.cinemaup.com.br\/en\/wp-json\/wp\/v2\/media?parent=70741"}],"wp:term":[{"taxonomy":"category","embeddable":true,"href":"https:\/\/www.cinemaup.com.br\/en\/wp-json\/wp\/v2\/categories?post=70741"},{"taxonomy":"post_tag","embeddable":true,"href":"https:\/\/www.cinemaup.com.br\/en\/wp-json\/wp\/v2\/tags?post=70741"}],"curies":[{"name":"wp","href":"https:\/\/api.w.org\/{rel}","templated":true}]}}