{"id":70756,"date":"2018-01-04T16:40:16","date_gmt":"2018-01-04T19:40:16","guid":{"rendered":"http:\/\/supercinemaup.com\/?p=70756"},"modified":"2018-01-04T16:03:37","modified_gmt":"2018-01-04T19:03:37","slug":"filmes-participantes-21a-mostra-tiradentes","status":"publish","type":"post","link":"https:\/\/www.cinemaup.com.br\/en\/filmes-participantes-21a-mostra-tiradentes\/","title":{"rendered":"Divulgado filmes participantes da 21\u00aa Mostra Tiradentes"},"content":{"rendered":"<p>[et_pb_section admin_label=&#8221;section&#8221;][et_pb_row admin_label=&#8221;row&#8221;][et_pb_column type=&#8221;4_4&#8243;][et_pb_text admin_label=&#8221;Texto&#8221; background_layout=&#8221;light&#8221; text_orientation=&#8221;justified&#8221; use_border_color=&#8221;off&#8221; border_color=&#8221;#ffffff&#8221; border_style=&#8221;solid&#8221;]<\/p>\n<p>Hoje (4), os organizadores da<strong>\u00a0Mostra de Tiradentes<\/strong>, divulgou a lista dos filmes que ir\u00e3o participar da 21\u00aa edi\u00e7\u00e3o do evento. A programa\u00e7\u00e3o \u00e9 composta por 30 longas divididos em 6 mostras, confira abaixo.<\/p>\n<p><strong>Mostra Homenagem:<\/strong><\/p>\n<p>&#8220;Bandeira de Retalhos&#8221; de Sergio Ricardo (RJ)<\/p>\n<p>&#8220;Caf\u00e9 com Canela&#8221; de Ary Rosa e Glenda Nic\u00e1cio (BA)<\/p>\n<p>&#8220;Tim Maia&#8221; de Mauro Lima (RJ)<\/p>\n<p>&#8220;Uma Onda no Ar&#8221; de Helv\u00e9cio Ratton (MG)<\/p>\n<p><strong>Mostra Aurora:<\/strong><\/p>\n<p>&#8220;Ara Pyau &#8211; A Primavera Guarani&#8221; de Carlos Eduardo Magalh\u00e3es (SP)<\/p>\n<p>&#8220;Baixo Centro&#8221; de Ewerton Belico e Samuel Marotta (MG)<\/p>\n<p>&#8220;Dias Vazios&#8221; de Robney Bruno Almeida (GO)<\/p>\n<p>&#8220;Imo&#8221; de Bruna Schelb Correa (MG)<\/p>\n<p>&#8220;Lembro Mais dos Corvos&#8221; de Gustavo Vinagre (SP)<\/p>\n<p>&#8220;Madrigal para um Poeta Vivo&#8221; de Adriana Barbosa e Bruno Mello Castanho (SP)<\/p>\n<p>&#8220;Rebento&#8221; de Andr\u00e9 Morais (PB)<\/p>\n<p><strong>Mostra Olhos Livres:<\/strong><\/p>\n<p>&#8220;Antes do Fim&#8221; de Cristiano Burlan (SP)<\/p>\n<p>&#8220;Fernando&#8221; de Igor Angelkorte, Julia Ariani e Paula Vilela (RJ)<\/p>\n<p>&#8220;Inaudito&#8221; de Gregorio Gananian (SP)<\/p>\n<p>&#8220;Navios de Terra&#8221; de Simone Cortez\u00e3o (MG)<\/p>\n<p>&#8220;O N\u00f3 do Diabo&#8221; de Ramon Porto Mota, Gabriel Martins, Ian Abe e Jhesus Tribuzi (PB)<\/p>\n<p>&#8220;Platamama&#8221; de Alice Riff (SP)<\/p>\n<p><strong>Chamado Realista:<\/strong><\/p>\n<p>&#8220;A Mo\u00e7a do Calend\u00e1rio&#8221; de Helena Ignez (SP)<\/p>\n<p>&#8220;Apto 420&#8221; de Dellani Lima (SP)<\/p>\n<p>&#8220;Ar\u00e1bia&#8221; de Affonso Uchoa e Jo\u00e3o Dumans (MG)<\/p>\n<p>&#8220;Era Uma Vez Bras\u00edlia&#8221; de Adirley Queir\u00f3s (DF)<\/p>\n<p>&#8220;N\u00f3is Por N\u00f3is&#8221; de Aly Muritiba e Jandir Santin (PR)<\/p>\n<p>&#8220;Opera\u00e7\u00f5es de Garantia da Lei e da Ordem&#8221; de Julia Murat e Miguel Antunes Ramos (RJ)<\/p>\n<p><strong>Mostra Pra\u00e7a:<\/strong><\/p>\n<p>&#8220;Escolas em Luta&#8221; de Eduardo Consonni, Rodrigo T. Marques e Tiago Tambelli (SP)<\/p>\n<p>&#8220;Camocim&#8221; de Quentin Delaroche (PE)<\/p>\n<p>&#8220;Todos os Paulos do Mundo&#8221; de Gustavo Ribeiro e Rodrigo de Oliveira (RJ)<\/p>\n<p>&#8220;Por Parte de Pai&#8221; de Guiomar Ramos (SP)<\/p>\n<p>&#8220;Torquarto Neto &#8211; Todas as Horas do Fim&#8221; de Eduardo Ades e Marcus Fernando (RJ)<\/p>\n<p><strong>Mostrinha:<\/strong><\/p>\n<p>&#8220;Historietas Assombradas&#8221; de Victor-Hugo Borges<\/p>\n<p>&#8220;D.P.A. \u2013 Detetives do Pr\u00e9dio Azul&#8221; de Andr\u00e9 Pellenz<\/p>\n<p>A 21\u00aa edi\u00e7\u00e3o da Mostra Tirantes ter\u00e1 in\u00edcio no dia 19 de janeiro e ir\u00e1 encerrar o evento no dia 27 do mesmo m\u00eas.<\/p>\n<p>[\/et_pb_text][\/et_pb_column][\/et_pb_row][\/et_pb_section]<\/p>","protected":false},"excerpt":{"rendered":"<p>S\u00e3o 30 filmes divididos em 6 mostras.<\/p>","protected":false},"author":46,"featured_media":70758,"comment_status":"closed","ping_status":"open","sticky":false,"template":"","format":"standard","meta":{"_exactmetrics_skip_tracking":false,"_exactmetrics_sitenote_active":false,"_exactmetrics_sitenote_note":"","_exactmetrics_sitenote_category":0,"footnotes":""},"categories":[1],"tags":[13292,13296,13294,13290,13291,13293,13295,13297,13298,9490],"_links":{"self":[{"href":"https:\/\/www.cinemaup.com.br\/en\/wp-json\/wp\/v2\/posts\/70756"}],"collection":[{"href":"https:\/\/www.cinemaup.com.br\/en\/wp-json\/wp\/v2\/posts"}],"about":[{"href":"https:\/\/www.cinemaup.com.br\/en\/wp-json\/wp\/v2\/types\/post"}],"author":[{"embeddable":true,"href":"https:\/\/www.cinemaup.com.br\/en\/wp-json\/wp\/v2\/users\/46"}],"replies":[{"embeddable":true,"href":"https:\/\/www.cinemaup.com.br\/en\/wp-json\/wp\/v2\/comments?post=70756"}],"version-history":[{"count":2,"href":"https:\/\/www.cinemaup.com.br\/en\/wp-json\/wp\/v2\/posts\/70756\/revisions"}],"predecessor-version":[{"id":70759,"href":"https:\/\/www.cinemaup.com.br\/en\/wp-json\/wp\/v2\/posts\/70756\/revisions\/70759"}],"wp:featuredmedia":[{"embeddable":true,"href":"https:\/\/www.cinemaup.com.br\/en\/wp-json\/wp\/v2\/media\/70758"}],"wp:attachment":[{"href":"https:\/\/www.cinemaup.com.br\/en\/wp-json\/wp\/v2\/media?parent=70756"}],"wp:term":[{"taxonomy":"category","embeddable":true,"href":"https:\/\/www.cinemaup.com.br\/en\/wp-json\/wp\/v2\/categories?post=70756"},{"taxonomy":"post_tag","embeddable":true,"href":"https:\/\/www.cinemaup.com.br\/en\/wp-json\/wp\/v2\/tags?post=70756"}],"curies":[{"name":"wp","href":"https:\/\/api.w.org\/{rel}","templated":true}]}}