{"id":71128,"date":"2018-01-18T14:10:42","date_gmt":"2018-01-18T17:10:42","guid":{"rendered":"http:\/\/supercinemaup.com\/?p=71128"},"modified":"2018-01-18T13:35:35","modified_gmt":"2018-01-18T16:35:35","slug":"ator-vilao-john-wick-3","status":"publish","type":"post","link":"https:\/\/www.cinemaup.com.br\/en\/ator-vilao-john-wick-3\/","title":{"rendered":"Escolhido o ator para interpretar o vil\u00e3o de &#8220;John Wick 3\u201d"},"content":{"rendered":"<p>[et_pb_section admin_label=&#8221;section&#8221;][et_pb_row admin_label=&#8221;row&#8221;][et_pb_column type=&#8221;4_4&#8243;][et_pb_text admin_label=&#8221;Texto&#8221; background_layout=&#8221;light&#8221; text_orientation=&#8221;justified&#8221; use_border_color=&#8221;off&#8221; border_color=&#8221;#ffffff&#8221; border_style=&#8221;solid&#8221;]<\/p>\n<p>De acordo com o site\u00a0<em>Hashtag Show\u00a0<\/em>o ator\u00a0<strong>Hiroyuki Sanada<\/strong>, conhecido por interpretar o vil\u00e3o\u00a0<strong>Shingen<\/strong> em <strong>&#8220;Wolverine: Imortal&#8221; <\/strong>e recentemente\u00a0confirmado na 2\u00aa temporada de <strong>&#8220;Westoworld&#8221;<\/strong>, ser\u00e1 o grande vil\u00e3o de<b> &#8220;<strong>John Wick 3&#8243;<\/strong><\/b>.<\/p>\n<p>[\/et_pb_text][\/et_pb_column][\/et_pb_row][et_pb_row admin_label=&#8221;Linha&#8221;][et_pb_column type=&#8221;1_2&#8243;][et_pb_image admin_label=&#8221;Imagem&#8221; src=&#8221;http:\/\/supercinemaup.com\/wp-content\/uploads\/2018\/01\/Hiroyuki-Sanada-Super-Cinema-UP-.jpg&#8221; show_in_lightbox=&#8221;off&#8221; url_new_window=&#8221;off&#8221; use_overlay=&#8221;off&#8221; animation=&#8221;left&#8221; sticky=&#8221;off&#8221; align=&#8221;center&#8221; force_fullwidth=&#8221;off&#8221; always_center_on_mobile=&#8221;on&#8221; use_border_color=&#8221;off&#8221; border_color=&#8221;#ffffff&#8221; border_style=&#8221;solid&#8221; custom_margin=&#8221;|10px||&#8221;] [\/et_pb_image][\/et_pb_column][et_pb_column type=&#8221;1_2&#8243;][et_pb_text admin_label=&#8221;Texto&#8221; background_layout=&#8221;light&#8221; text_orientation=&#8221;justified&#8221; use_border_color=&#8221;off&#8221; border_color=&#8221;#ffffff&#8221; border_style=&#8221;solid&#8221; custom_padding=&#8221;|||10px&#8221;]<\/p>\n<p>Mais informa\u00e7\u00f5es sobre o seu personagem n\u00e3o foram divulgadas.<\/p>\n<p><strong>\u201cJohn Wick 3\u201d\u00a0<\/strong>come\u00e7ar\u00e1 suas filmagens no primeiro semestre de 2018. Al\u00e9m da volta do ator\u00a0<strong>Keanu Reeves<\/strong>, o roteirista\u00a0<strong>David Kolstad<\/strong>\u00a0e o diretor\u00a0<strong>Chad Stahelski<\/strong>\u00a0retornam \u00e0\u00a0franquia.<\/p>\n<p>Mais informa\u00e7\u00f5es sobre o\u00a0<a href=\"http:\/\/supercinemaup.com\/titulo-provisorio-john-wick-3\/\" target=\"_blank\" rel=\"noopener\">filme<\/a>\u00a0n\u00e3o foram reveladas, sua previs\u00e3o de estreia \u00e9 para o dia\u00a017 de maio de 2019.<\/p>\n<p>[\/et_pb_text][\/et_pb_column][\/et_pb_row][\/et_pb_section]<\/p>","protected":false},"excerpt":{"rendered":"<p>O ator participou do filme \u201cWolverine: Imortal\u201d.<\/p>","protected":false},"author":46,"featured_media":27003,"comment_status":"closed","ping_status":"open","sticky":false,"template":"","format":"standard","meta":{"_exactmetrics_skip_tracking":false,"_exactmetrics_sitenote_active":false,"_exactmetrics_sitenote_note":"","_exactmetrics_sitenote_category":0,"footnotes":""},"categories":[1],"tags":[3618,13488,7761,11905,9490],"_links":{"self":[{"href":"https:\/\/www.cinemaup.com.br\/en\/wp-json\/wp\/v2\/posts\/71128"}],"collection":[{"href":"https:\/\/www.cinemaup.com.br\/en\/wp-json\/wp\/v2\/posts"}],"about":[{"href":"https:\/\/www.cinemaup.com.br\/en\/wp-json\/wp\/v2\/types\/post"}],"author":[{"embeddable":true,"href":"https:\/\/www.cinemaup.com.br\/en\/wp-json\/wp\/v2\/users\/46"}],"replies":[{"embeddable":true,"href":"https:\/\/www.cinemaup.com.br\/en\/wp-json\/wp\/v2\/comments?post=71128"}],"version-history":[{"count":6,"href":"https:\/\/www.cinemaup.com.br\/en\/wp-json\/wp\/v2\/posts\/71128\/revisions"}],"predecessor-version":[{"id":71136,"href":"https:\/\/www.cinemaup.com.br\/en\/wp-json\/wp\/v2\/posts\/71128\/revisions\/71136"}],"wp:featuredmedia":[{"embeddable":true,"href":"https:\/\/www.cinemaup.com.br\/en\/wp-json\/wp\/v2\/media\/27003"}],"wp:attachment":[{"href":"https:\/\/www.cinemaup.com.br\/en\/wp-json\/wp\/v2\/media?parent=71128"}],"wp:term":[{"taxonomy":"category","embeddable":true,"href":"https:\/\/www.cinemaup.com.br\/en\/wp-json\/wp\/v2\/categories?post=71128"},{"taxonomy":"post_tag","embeddable":true,"href":"https:\/\/www.cinemaup.com.br\/en\/wp-json\/wp\/v2\/tags?post=71128"}],"curies":[{"name":"wp","href":"https:\/\/api.w.org\/{rel}","templated":true}]}}