{"id":71473,"date":"2018-01-29T15:00:21","date_gmt":"2018-01-29T18:00:21","guid":{"rendered":"http:\/\/supercinemaup.com\/?p=71473"},"modified":"2018-01-29T13:11:17","modified_gmt":"2018-01-29T16:11:17","slug":"cher-solta-voz-comercial-mamma-mia-la-vamos-nos-de-novo","status":"publish","type":"post","link":"https:\/\/www.cinemaup.com.br\/en\/cher-solta-voz-comercial-mamma-mia-la-vamos-nos-de-novo\/","title":{"rendered":"Cher solta a voz no novo comercial de \u201cMamma Mia: L\u00e1 Vamos N\u00f3s De Novo!\u201d"},"content":{"rendered":"<p>[et_pb_section admin_label=&#8221;section&#8221;][et_pb_row admin_label=&#8221;row&#8221;][et_pb_column type=&#8221;4_4&#8243;][et_pb_text admin_label=&#8221;Texto&#8221; background_layout=&#8221;light&#8221; text_orientation=&#8221;justified&#8221; use_border_color=&#8221;off&#8221; border_color=&#8221;#ffffff&#8221; border_style=&#8221;solid&#8221;]<\/p>\n<p>Durante o\u00a0<strong>60\u00b0 Grammy Awards<\/strong>, a <strong>Universal Pictures<\/strong> divulgou um novo comercial do <a href=\"http:\/\/supercinemaup.com\/trailer-mamma-mia-la-vamos-nos-de-novo\/\" target=\"_blank\" rel=\"noopener\">musical<\/a>\u00a0<strong>\u201cMamma Mia: L\u00e1 Vamos N\u00f3s De Novo!\u201d<\/strong>, na pr\u00e9via podemos ver\u00a0<strong>Cher<\/strong>\u00a0cantando <strong>&#8220;Fernando&#8221;<\/strong> do<strong> ABBA<\/strong>.<\/p>\n<p>[\/et_pb_text][\/et_pb_column][\/et_pb_row][et_pb_row admin_label=&#8221;Linha&#8221;][et_pb_column type=&#8221;4_4&#8243;][et_pb_video admin_label=&#8221;V\u00eddeo&#8221; src=&#8221;https:\/\/www.youtube.com\/watch?v=KXBYn9cwl7U&#8221; \/][\/et_pb_column][\/et_pb_row][et_pb_row admin_label=&#8221;Linha&#8221;][et_pb_column type=&#8221;4_4&#8243;][et_pb_text admin_label=&#8221;Texto&#8221; background_layout=&#8221;light&#8221; text_orientation=&#8221;justified&#8221; use_border_color=&#8221;off&#8221; border_color=&#8221;#ffffff&#8221; border_style=&#8221;solid&#8221;]<\/p>\n<p>O elenco conta com os j\u00e1 conhecidos\u00a0<strong>Meryl Streep<\/strong>,\u00a0<strong>Colin Firth<\/strong>,\u00a0<strong>Amanda Seyfried<\/strong>,\u00a0<strong>Pierce Brosnan<\/strong>,\u00a0<strong>Julie Walters<\/strong>,\u00a0<strong>Christine Baranski<\/strong>\u00a0e\u00a0<strong>Dominic Cooper<\/strong>. J\u00e1 os novos rostos s\u00e3o\u00a0<strong>Lily James<\/strong>\u00a0(\u201cCinderela\u201d),\u00a0<strong>Jeremy Irvine\u00a0<\/strong>(\u201cFallen\u201d),<strong>\u00a0<a href=\"http:\/\/supercinemaup.com\/mais-nomes-confirmado-mamma-mia-2\/\" target=\"_blank\" rel=\"noopener\">Alexa Davies<\/a>\u00a0<\/strong>(\u201cCradle to Grave\u201d),<a href=\"http:\/\/supercinemaup.com\/ator-o-poderoso-chefao-iii-elenco-mamma-mia-here-we-go-again\/\" target=\"_blank\" rel=\"noopener\"><strong>\u00a0Andy Garcia\u00a0<\/strong><\/a>(\u201cOnze Homens e Um Segredo\u201d) e<strong>\u00a0<a href=\"http:\/\/supercinemaup.com\/cher-volta-cinemas-mamma-mia-here-we-go-again\/\" target=\"_blank\" rel=\"noopener\">Cher<\/a><\/strong>\u00a0(\u201cBurlesque\u201d),\u00a0<strong>Jessica Keenan Wynn<\/strong>\u00a0(\u201cBillions\u201d),\u00a0<strong>Josh Dylan\u00a0<\/strong>(\u201cAliados\u201d) e\u00a0<strong>Hugh Skinner<\/strong>\u00a0(\u201cW1A\u201d).<\/p>\n<p>O filme\u00a0ainda n\u00e3o tem sinopse revelada, por\u00e9m j\u00e1 \u00e9 poss\u00edvel ver pelo trailer que ser\u00e1 abordado o passado de Donna e o presente de Sophie.<\/p>\n<p><strong>\u201cMamma Mia Here We Go Again\u201d<\/strong>\u00a0estreia dia 19 de julho.<\/p>\n<p>[\/et_pb_text][\/et_pb_column][\/et_pb_row][\/et_pb_section]<\/p>","protected":false},"excerpt":{"rendered":"<p>No filme, Cher interpreta a av\u00f3 de Sophie.<\/p>","protected":false},"author":46,"featured_media":71474,"comment_status":"closed","ping_status":"open","sticky":false,"template":"","format":"standard","meta":{"_exactmetrics_skip_tracking":false,"_exactmetrics_sitenote_active":false,"_exactmetrics_sitenote_note":"","_exactmetrics_sitenote_category":0,"footnotes":""},"categories":[1],"tags":[13680,4442,13679,12847,13678,12468,13635,9490,5655],"_links":{"self":[{"href":"https:\/\/www.cinemaup.com.br\/en\/wp-json\/wp\/v2\/posts\/71473"}],"collection":[{"href":"https:\/\/www.cinemaup.com.br\/en\/wp-json\/wp\/v2\/posts"}],"about":[{"href":"https:\/\/www.cinemaup.com.br\/en\/wp-json\/wp\/v2\/types\/post"}],"author":[{"embeddable":true,"href":"https:\/\/www.cinemaup.com.br\/en\/wp-json\/wp\/v2\/users\/46"}],"replies":[{"embeddable":true,"href":"https:\/\/www.cinemaup.com.br\/en\/wp-json\/wp\/v2\/comments?post=71473"}],"version-history":[{"count":1,"href":"https:\/\/www.cinemaup.com.br\/en\/wp-json\/wp\/v2\/posts\/71473\/revisions"}],"predecessor-version":[{"id":71475,"href":"https:\/\/www.cinemaup.com.br\/en\/wp-json\/wp\/v2\/posts\/71473\/revisions\/71475"}],"wp:featuredmedia":[{"embeddable":true,"href":"https:\/\/www.cinemaup.com.br\/en\/wp-json\/wp\/v2\/media\/71474"}],"wp:attachment":[{"href":"https:\/\/www.cinemaup.com.br\/en\/wp-json\/wp\/v2\/media?parent=71473"}],"wp:term":[{"taxonomy":"category","embeddable":true,"href":"https:\/\/www.cinemaup.com.br\/en\/wp-json\/wp\/v2\/categories?post=71473"},{"taxonomy":"post_tag","embeddable":true,"href":"https:\/\/www.cinemaup.com.br\/en\/wp-json\/wp\/v2\/tags?post=71473"}],"curies":[{"name":"wp","href":"https:\/\/api.w.org\/{rel}","templated":true}]}}