{"id":71577,"date":"2018-01-31T10:12:30","date_gmt":"2018-01-31T13:12:30","guid":{"rendered":"http:\/\/supercinemaup.com\/?p=71577"},"modified":"2018-01-31T09:04:11","modified_gmt":"2018-01-31T12:04:11","slug":"banner-tomb-raider-a-origem-lara-croft-sobreviver","status":"publish","type":"post","link":"https:\/\/www.cinemaup.com.br\/en\/banner-tomb-raider-a-origem-lara-croft-sobreviver\/","title":{"rendered":"Novo banner de &#8220;Tomb Raider: A Origem&#8221; ressalta que Lara Croft ter\u00e1 que lutar para sobreviver"},"content":{"rendered":"<p>[et_pb_section admin_label=&#8221;section&#8221;][et_pb_row admin_label=&#8221;row&#8221;][et_pb_column type=&#8221;4_4&#8243;][et_pb_text admin_label=&#8221;Texto&#8221; background_layout=&#8221;light&#8221; text_orientation=&#8221;justified&#8221; use_border_color=&#8221;off&#8221; border_color=&#8221;#ffffff&#8221; border_style=&#8221;solid&#8221;]<\/p>\n<p>O <em>Twitter<\/em> oficial do filme <strong>&#8220;Tomb Raider: A Origem&#8221;<\/strong> divulgou um novo banner do longa. Nele podemos ver a protagonista <strong>Lara Croft<\/strong>, interpretada por <strong>Alicia Vikander<\/strong> com os dizeres &#8220;Sobreviva&#8221;. Confira.<\/p>\n<p>[\/et_pb_text][\/et_pb_column][\/et_pb_row][et_pb_row admin_label=&#8221;Linha&#8221;][et_pb_column type=&#8221;4_4&#8243;][et_pb_image admin_label=&#8221;Imagem&#8221; src=&#8221;http:\/\/supercinemaup.com\/wp-content\/uploads\/2018\/01\/Tomb-Raider-A-Origem-Super-Cinema-UP.jpg&#8221; show_in_lightbox=&#8221;off&#8221; url_new_window=&#8221;off&#8221; use_overlay=&#8221;off&#8221; animation=&#8221;left&#8221; sticky=&#8221;off&#8221; align=&#8221;center&#8221; force_fullwidth=&#8221;off&#8221; always_center_on_mobile=&#8221;on&#8221; use_border_color=&#8221;off&#8221; border_color=&#8221;#ffffff&#8221; border_style=&#8221;solid&#8221; \/][\/et_pb_column][\/et_pb_row][et_pb_row admin_label=&#8221;Linha&#8221;][et_pb_column type=&#8221;4_4&#8243;][et_pb_text admin_label=&#8221;Texto&#8221; background_layout=&#8221;light&#8221; text_orientation=&#8221;justified&#8221; use_border_color=&#8221;off&#8221; border_color=&#8221;#ffffff&#8221; border_style=&#8221;solid&#8221;]<\/p>\n<p>Aos 21 anos, Lara Croft leva a vida fazendo entregas de bicicleta pelas ruas de Londres, se recusando a assumir a companhia global do seu pai desaparecido h\u00e1 sete anos, ideia que ela se recusa a aceitar. Tentando desvendar o sumi\u00e7o do pai, ela decide largar tudo para ir at\u00e9 o \u00faltimo lugar onde ele esteve e inicia uma perigosa aventura numa ilha japonesa.<\/p>\n<p>O elenco conta com\u00a0<strong>Alicia Vikander<\/strong> (&#8220;A Luz Entre Oceanos&#8221;),\u00a0<strong>Dominic West<\/strong> (&#8220;The Affair&#8221;), <strong>Daniel Wu<\/strong> (&#8220;Warcraft&#8221;) e\u00a0<strong>Walton Goggins<\/strong> (&#8220;Os Oito Odiados&#8221;).<\/p>\n<p><strong>\u201cTom Raider: A Origem\u201d<\/strong>\u00a0estreia dia 16 de mar\u00e7o.<\/p>\n<p>[\/et_pb_text][\/et_pb_column][\/et_pb_row][\/et_pb_section]<\/p>","protected":false},"excerpt":{"rendered":"<p>A personagem \u00e9 interpretada por Alicia Vikander.<\/p>","protected":false},"author":46,"featured_media":30675,"comment_status":"closed","ping_status":"open","sticky":false,"template":"","format":"standard","meta":{"_exactmetrics_skip_tracking":false,"_exactmetrics_sitenote_active":false,"_exactmetrics_sitenote_note":"","_exactmetrics_sitenote_category":0,"footnotes":""},"categories":[1],"tags":[2680,12794,13756,8510,9490,12719],"_links":{"self":[{"href":"https:\/\/www.cinemaup.com.br\/en\/wp-json\/wp\/v2\/posts\/71577"}],"collection":[{"href":"https:\/\/www.cinemaup.com.br\/en\/wp-json\/wp\/v2\/posts"}],"about":[{"href":"https:\/\/www.cinemaup.com.br\/en\/wp-json\/wp\/v2\/types\/post"}],"author":[{"embeddable":true,"href":"https:\/\/www.cinemaup.com.br\/en\/wp-json\/wp\/v2\/users\/46"}],"replies":[{"embeddable":true,"href":"https:\/\/www.cinemaup.com.br\/en\/wp-json\/wp\/v2\/comments?post=71577"}],"version-history":[{"count":1,"href":"https:\/\/www.cinemaup.com.br\/en\/wp-json\/wp\/v2\/posts\/71577\/revisions"}],"predecessor-version":[{"id":71579,"href":"https:\/\/www.cinemaup.com.br\/en\/wp-json\/wp\/v2\/posts\/71577\/revisions\/71579"}],"wp:featuredmedia":[{"embeddable":true,"href":"https:\/\/www.cinemaup.com.br\/en\/wp-json\/wp\/v2\/media\/30675"}],"wp:attachment":[{"href":"https:\/\/www.cinemaup.com.br\/en\/wp-json\/wp\/v2\/media?parent=71577"}],"wp:term":[{"taxonomy":"category","embeddable":true,"href":"https:\/\/www.cinemaup.com.br\/en\/wp-json\/wp\/v2\/categories?post=71577"},{"taxonomy":"post_tag","embeddable":true,"href":"https:\/\/www.cinemaup.com.br\/en\/wp-json\/wp\/v2\/tags?post=71577"}],"curies":[{"name":"wp","href":"https:\/\/api.w.org\/{rel}","templated":true}]}}