{"id":71744,"date":"2018-02-07T08:40:25","date_gmt":"2018-02-07T11:40:25","guid":{"rendered":"http:\/\/supercinemaup.com\/?p=71744"},"modified":"2018-02-06T21:15:59","modified_gmt":"2018-02-07T00:15:59","slug":"diretor-pantera-negra-trilha-sonora","status":"publish","type":"post","link":"https:\/\/www.cinemaup.com.br\/en\/diretor-pantera-negra-trilha-sonora\/","title":{"rendered":"Diretor de &#8220;Pantera Negra&#8221; fala sobre a trilha sonora do filme"},"content":{"rendered":"<p>[et_pb_section admin_label=&#8221;section&#8221;][et_pb_row admin_label=&#8221;row&#8221;][et_pb_column type=&#8221;4_4&#8243;][et_pb_text admin_label=&#8221;Texto&#8221; background_layout=&#8221;light&#8221; text_orientation=&#8221;justified&#8221; use_border_color=&#8221;off&#8221; border_color=&#8221;#ffffff&#8221; border_style=&#8221;solid&#8221;]<\/p>\n<p>Em entrevista ao <em>National Public Radio<\/em>, o diretor de &#8220;<strong>Pantera Negra&#8221;<\/strong>, <strong>Ryan Coogler<\/strong>, falou sobre a parceria com o m\u00fasico <strong>Kendrick Lamar<\/strong> para a <a href=\"http:\/\/supercinemaup.com\/kendrick-lamar-nome-musicas-filme-pantera-negra\/\" target=\"_blank\" rel=\"noopener\">trilha sonora<\/a> do filme.<\/p>\n<p><em>&#8220;Eu sou um grande f\u00e3 de Kendrick desde a primeira vez que ouvi sua m\u00fasica, com suas mixtapes, e tentei contato com ele. Eventualmente n\u00f3s nos encontramos h\u00e1 alguns anos &#8211; primeiramente com Anthony &#8216;Top Dawg&#8217; Tiffith, da sua gravadora &#8211; e depois sentamos com ele e Kendrick, s\u00f3 para conversar sobre como sua m\u00fasica me afetou. Ele falou de filmes que tinha visto, e dissemos que se a oportunidade chegasse, n\u00f3s adorar\u00edamos trabalhar juntos.&#8221;,<\/em> disse Coogler.\u00a0<em>&#8220;A Marvel apoiou muito a ideia de ter m\u00fasicas dele. No come\u00e7o s\u00f3 \u00edamos fazer algumas m\u00fasicas, mas da\u00ed ele veio e assistiu o filme e quando vimos est\u00e1vamos alugando o est\u00fadio e gravando.&#8221;<\/em>.<\/p>\n<p>O diretor ainda acrescenta,\u00a0<em>&#8220;Eu tiro o meu chap\u00e9u\u00a0para ele [Kendrick Lamar] e sua equipe de produ\u00e7\u00e3o &#8211; eles fizeram algumas m\u00fasicas realmente excelentes que n\u00f3s colocamos l\u00e1. E tamb\u00e9m tiro o meu\u00a0chap\u00e9u para Sounwave, que est\u00e1 produzindo, e Ludwig, que foi capaz de manipular a partitura para incorporar algumas dessas m\u00fasicas e colocar e tirar das coisas orquestrais que ele j\u00e1 estava fazendo. Eu n\u00e3o posso esperar para as pessoas ouvir a m\u00fasica nesse \u00e1lbum.&#8221;<\/em>.<\/p>\n<p>Quem tamb\u00e9m se pronunciou sobre a trilha sonora do filme foi\u00a0<strong>Sounwave<\/strong>, <em>&#8220;Acho que \u00e9 certo. O filme n\u00e3o se passa em 1910, ou 1960, quando o Pantera Negra saiu. Ele se passa hoje. Existem momentos atuais no filme, ent\u00e3o n\u00f3s quer\u00edamos que a trilha soasse atual tamb\u00e9m. Acho que \u00e9 um casamento perfeito para mesclar os dois mundos.&#8221;<\/em>.<\/p>\n<p>Confira abaixo o novo p\u00f4ster do filme divulgado pela <strong>Marvel Entertainment<\/strong>.<\/p>\n<p>[\/et_pb_text][\/et_pb_column][\/et_pb_row][et_pb_row admin_label=&#8221;Linha&#8221;][et_pb_column type=&#8221;4_4&#8243;][et_pb_image admin_label=&#8221;Imagem&#8221; src=&#8221;http:\/\/supercinemaup.com\/wp-content\/uploads\/2018\/02\/Pantera-Negra-Marvel-Po\u0302ster-Super-Cinema-UP.jpg&#8221; show_in_lightbox=&#8221;off&#8221; url_new_window=&#8221;off&#8221; use_overlay=&#8221;off&#8221; animation=&#8221;left&#8221; sticky=&#8221;off&#8221; align=&#8221;center&#8221; force_fullwidth=&#8221;off&#8221; always_center_on_mobile=&#8221;on&#8221; use_border_color=&#8221;off&#8221; border_color=&#8221;#ffffff&#8221; border_style=&#8221;solid&#8221; \/][\/et_pb_column][\/et_pb_row][et_pb_row admin_label=&#8221;Linha&#8221;][et_pb_column type=&#8221;4_4&#8243;][et_pb_text admin_label=&#8221;Texto&#8221; background_layout=&#8221;light&#8221; text_orientation=&#8221;justified&#8221; use_border_color=&#8221;off&#8221; border_color=&#8221;#ffffff&#8221; border_style=&#8221;solid&#8221;]<\/p>\n<p>O filme se passa ap\u00f3s os eventos de\u00a0<a href=\"http:\/\/supercinemaup.com\/capitao-america-guerra-civil\/\" target=\"_blank\" rel=\"noopener\">\u201cCapit\u00e3o Am\u00e9rica: Guerra Civil\u201d<\/a>\u00a0e a trama focar\u00e1 em\u00a0T\u2019Challa, que\u00a0retorna para a isolada e avan\u00e7ada na\u00e7\u00e3o africana de\u00a0Wakanda\u00a0para tomar seu lugar como rei. Por\u00e9m, quando um velho inimigo reaparece no radar, o talento de T\u2019Challa como rei e como Pantera Negra \u00e9 testado quando ele entra em um conflito que coloca o destino de Wakanda e do mundo em risco.<\/p>\n<p><strong>\u201cPantera Negra\u201d<\/strong>\u00a0estreia dia 15 de fevereiro.<\/p>\n<p>[\/et_pb_text][\/et_pb_column][\/et_pb_row][\/et_pb_section]<\/p>","protected":false},"excerpt":{"rendered":"<p>Veja tamb\u00e9m o novo p\u00f4ster do longa.<\/p>","protected":false},"author":46,"featured_media":71747,"comment_status":"closed","ping_status":"open","sticky":false,"template":"","format":"standard","meta":{"_exactmetrics_skip_tracking":false,"_exactmetrics_sitenote_active":false,"_exactmetrics_sitenote_note":"","_exactmetrics_sitenote_category":0,"footnotes":""},"categories":[1],"tags":[13780,11104,5795,5670,12766,2673,13830,9490,6508,13779],"_links":{"self":[{"href":"https:\/\/www.cinemaup.com.br\/en\/wp-json\/wp\/v2\/posts\/71744"}],"collection":[{"href":"https:\/\/www.cinemaup.com.br\/en\/wp-json\/wp\/v2\/posts"}],"about":[{"href":"https:\/\/www.cinemaup.com.br\/en\/wp-json\/wp\/v2\/types\/post"}],"author":[{"embeddable":true,"href":"https:\/\/www.cinemaup.com.br\/en\/wp-json\/wp\/v2\/users\/46"}],"replies":[{"embeddable":true,"href":"https:\/\/www.cinemaup.com.br\/en\/wp-json\/wp\/v2\/comments?post=71744"}],"version-history":[{"count":3,"href":"https:\/\/www.cinemaup.com.br\/en\/wp-json\/wp\/v2\/posts\/71744\/revisions"}],"predecessor-version":[{"id":71758,"href":"https:\/\/www.cinemaup.com.br\/en\/wp-json\/wp\/v2\/posts\/71744\/revisions\/71758"}],"wp:featuredmedia":[{"embeddable":true,"href":"https:\/\/www.cinemaup.com.br\/en\/wp-json\/wp\/v2\/media\/71747"}],"wp:attachment":[{"href":"https:\/\/www.cinemaup.com.br\/en\/wp-json\/wp\/v2\/media?parent=71744"}],"wp:term":[{"taxonomy":"category","embeddable":true,"href":"https:\/\/www.cinemaup.com.br\/en\/wp-json\/wp\/v2\/categories?post=71744"},{"taxonomy":"post_tag","embeddable":true,"href":"https:\/\/www.cinemaup.com.br\/en\/wp-json\/wp\/v2\/tags?post=71744"}],"curies":[{"name":"wp","href":"https:\/\/api.w.org\/{rel}","templated":true}]}}