{"id":71906,"date":"2018-02-09T15:00:04","date_gmt":"2018-02-09T18:00:04","guid":{"rendered":"http:\/\/supercinemaup.com\/?p=71906"},"modified":"2018-02-09T13:27:24","modified_gmt":"2018-02-09T16:27:24","slug":"john-krasinski-um-lugar-silencioso","status":"publish","type":"post","link":"https:\/\/www.cinemaup.com.br\/en\/john-krasinski-um-lugar-silencioso\/","title":{"rendered":"John Krasinski fala sobre seu filme de suspense &#8220;Um Lugar Silencioso&#8221;"},"content":{"rendered":"<p>[et_pb_section admin_label=&#8221;section&#8221;][et_pb_row admin_label=&#8221;row&#8221;][et_pb_column type=&#8221;4_4&#8243;][et_pb_text admin_label=&#8221;Texto&#8221; background_layout=&#8221;light&#8221; text_orientation=&#8221;justified&#8221; use_border_color=&#8221;off&#8221; border_color=&#8221;#ffffff&#8221; border_style=&#8221;solid&#8221;]<\/p>\n<p>A <strong>Paramount Pictures<\/strong> divulgou um <em>featurette<\/em> do suspense <strong>&#8220;Um Lugar Silencioso&#8221;<\/strong>, nele o roteirista, diretor e ator\u00a0<strong>John Krasinski <\/strong>fala sobre o filme, esclarecendo &#8211; junto com algumas cenas in\u00e9ditas &#8211; algumas d\u00favidas deixada pelo trailer.<\/p>\n<p>[\/et_pb_text][\/et_pb_column][\/et_pb_row][et_pb_row admin_label=&#8221;Linha&#8221;][et_pb_column type=&#8221;4_4&#8243;][et_pb_video admin_label=&#8221;V\u00eddeo&#8221; src=&#8221;https:\/\/www.youtube.com\/watch?v=w4PavNPZIyY&#8221; \/][\/et_pb_column][\/et_pb_row][et_pb_row admin_label=&#8221;Linha&#8221;][et_pb_column type=&#8221;4_4&#8243;][et_pb_text admin_label=&#8221;Texto&#8221; background_layout=&#8221;light&#8221; text_orientation=&#8221;justified&#8221; use_border_color=&#8221;off&#8221; border_color=&#8221;#ffffff&#8221; border_style=&#8221;solid&#8221;]<\/p>\n<p>Em uma fazenda dos Estados Unidos, uma fam\u00edlia do meio-oeste \u00e9 perseguida por uma entidade fantasmag\u00f3rica assustadora. Para se protegerem, eles devem permanecer em sil\u00eancio absoluto, a qualquer custo, pois o perigo \u00e9 ativado pela percep\u00e7\u00e3o do som.<\/p>\n<p>O elenco conta com <strong>Emily Blunt<\/strong> (&#8220;A Garota no Trem&#8221;), <strong>John Krasinski<\/strong> (&#8220;The Office&#8221;),\u00a0<strong>Noah Jupe<\/strong>\u00a0(&#8220;Extraordin\u00e1rio&#8221;) e\u00a0<strong>Millicent Simmonds<\/strong> (&#8220;Sem F\u00f4lego&#8221;).<\/p>\n<p><strong>&#8220;Um Lugar Silencioso&#8221;<\/strong> estreia dia 12 de abril.<\/p>\n<p>[\/et_pb_text][\/et_pb_column][\/et_pb_row][\/et_pb_section]<\/p>","protected":false},"excerpt":{"rendered":"<p>Krasinski roteirizou, dirigiu e atuou no filme.<\/p>","protected":false},"author":46,"featured_media":71910,"comment_status":"closed","ping_status":"open","sticky":false,"template":"","format":"standard","meta":{"_exactmetrics_skip_tracking":false,"_exactmetrics_sitenote_active":false,"_exactmetrics_sitenote_note":"","_exactmetrics_sitenote_category":0,"footnotes":""},"categories":[1],"tags":[6814,13898,13899,1945,9490,13897],"_links":{"self":[{"href":"https:\/\/www.cinemaup.com.br\/en\/wp-json\/wp\/v2\/posts\/71906"}],"collection":[{"href":"https:\/\/www.cinemaup.com.br\/en\/wp-json\/wp\/v2\/posts"}],"about":[{"href":"https:\/\/www.cinemaup.com.br\/en\/wp-json\/wp\/v2\/types\/post"}],"author":[{"embeddable":true,"href":"https:\/\/www.cinemaup.com.br\/en\/wp-json\/wp\/v2\/users\/46"}],"replies":[{"embeddable":true,"href":"https:\/\/www.cinemaup.com.br\/en\/wp-json\/wp\/v2\/comments?post=71906"}],"version-history":[{"count":2,"href":"https:\/\/www.cinemaup.com.br\/en\/wp-json\/wp\/v2\/posts\/71906\/revisions"}],"predecessor-version":[{"id":71911,"href":"https:\/\/www.cinemaup.com.br\/en\/wp-json\/wp\/v2\/posts\/71906\/revisions\/71911"}],"wp:featuredmedia":[{"embeddable":true,"href":"https:\/\/www.cinemaup.com.br\/en\/wp-json\/wp\/v2\/media\/71910"}],"wp:attachment":[{"href":"https:\/\/www.cinemaup.com.br\/en\/wp-json\/wp\/v2\/media?parent=71906"}],"wp:term":[{"taxonomy":"category","embeddable":true,"href":"https:\/\/www.cinemaup.com.br\/en\/wp-json\/wp\/v2\/categories?post=71906"},{"taxonomy":"post_tag","embeddable":true,"href":"https:\/\/www.cinemaup.com.br\/en\/wp-json\/wp\/v2\/tags?post=71906"}],"curies":[{"name":"wp","href":"https:\/\/api.w.org\/{rel}","templated":true}]}}