{"id":71912,"date":"2018-02-09T16:00:35","date_gmt":"2018-02-09T19:00:35","guid":{"rendered":"http:\/\/supercinemaup.com\/?p=71912"},"modified":"2018-02-09T16:03:39","modified_gmt":"2018-02-09T19:03:39","slug":"astro-me-chame-pelo-seu-nome-protagonista-the-king","status":"publish","type":"post","link":"https:\/\/www.cinemaup.com.br\/en\/astro-me-chame-pelo-seu-nome-protagonista-the-king\/","title":{"rendered":"Astro de &#8220;Me Chame Pelo Seu Nome&#8221; \u00e9 anunciado como protagonista do drama de \u00e9poca &#8220;The King&#8221;"},"content":{"rendered":"<p>[et_pb_section admin_label=&#8221;section&#8221;][et_pb_row admin_label=&#8221;row&#8221;][et_pb_column type=&#8221;4_4&#8243;][et_pb_text admin_label=&#8221;Texto&#8221; background_layout=&#8221;light&#8221; text_orientation=&#8221;justified&#8221; use_border_color=&#8221;off&#8221; border_color=&#8221;#ffffff&#8221; border_style=&#8221;solid&#8221;]<\/p>\n<p>O ator\u00a0<strong>Timoth\u00e9e Chalamet<\/strong>, que ganhou destaque por sua atua\u00e7\u00e3o no drama <a href=\"http:\/\/supercinemaup.com\/critica-2-me-chame-pelo-seu-nome-se-sobressai-pela-naturalidade-e-sutileza\/\" target=\"_blank\" rel=\"noopener\"><strong>&#8220;Me Chame Pelo Seu Nome&#8221;<\/strong><\/a>, foi escolhido como protagonista do filme<strong> &#8220;The King&#8221;<\/strong>.<\/p>\n<p>O filme de \u00e9poca retrata o jovem <strong>Henry V.<\/strong>, que assume o trono depois que seu irm\u00e3o \u00e9 morto em batalha antes de sua coroa\u00e7\u00e3o, sendo coroado como rei no final dos anos 1300. O governante relutante usa a coroa em um momento em que a Inglaterra estava perto de uma guerra com a Fran\u00e7a (Guerra dos Cem Anos), e o imp\u00e9rio est\u00e1 balan\u00e7ando.<\/p>\n<p>[\/et_pb_text][\/et_pb_column][\/et_pb_row][et_pb_row admin_label=&#8221;Linha&#8221;][et_pb_column type=&#8221;1_2&#8243;][et_pb_image admin_label=&#8221;Imagem&#8221; src=&#8221;http:\/\/supercinemaup.com\/wp-content\/uploads\/2018\/02\/Timothee-Chalamet-Super-Cinema-UP.jpg&#8221; show_in_lightbox=&#8221;off&#8221; url_new_window=&#8221;off&#8221; use_overlay=&#8221;off&#8221; animation=&#8221;left&#8221; sticky=&#8221;off&#8221; align=&#8221;left&#8221; force_fullwidth=&#8221;off&#8221; always_center_on_mobile=&#8221;on&#8221; use_border_color=&#8221;off&#8221; border_color=&#8221;#ffffff&#8221; border_style=&#8221;solid&#8221; custom_margin=&#8221;|10px||&#8221;] [\/et_pb_image][\/et_pb_column][et_pb_column type=&#8221;1_2&#8243;][et_pb_text admin_label=&#8221;Texto&#8221; background_layout=&#8221;light&#8221; text_orientation=&#8221;justified&#8221; use_border_color=&#8221;off&#8221; border_color=&#8221;#ffffff&#8221; border_style=&#8221;solid&#8221; custom_padding=&#8221;|||10px&#8221;]<\/p>\n<p>\u201cThe King\u201d conta com a dire\u00e7\u00e3o de\u00a0<strong>David Michod<\/strong>, que tamb\u00e9m escreveu o roteiro junto\u00a0\u00e0\u00a0\u00a0<strong>Joel Edgerton<\/strong>. O longa \u00e9 uma parceria do<strong>\u00a0<\/strong>servi\u00e7o de streaming\u00a0<strong>Netflix<\/strong>\u00a0com a produtora de\u00a0<strong>Brad<\/strong>\u00a0<strong>Pitt<\/strong>,\u00a0<strong>Plan B<\/strong>.<\/p>\n<p>Ainda sem previs\u00e3o de estreia, a produ\u00e7\u00e3o do filme come\u00e7a em junho.<\/p>\n<p>[\/et_pb_text][\/et_pb_column][\/et_pb_row][\/et_pb_section]<\/p>","protected":false},"excerpt":{"rendered":"<p>Uma parceria Netflix e Plan B.<\/p>","protected":false},"author":46,"featured_media":71920,"comment_status":"closed","ping_status":"open","sticky":false,"template":"","format":"standard","meta":{"_exactmetrics_skip_tracking":false,"_exactmetrics_sitenote_active":false,"_exactmetrics_sitenote_note":"","_exactmetrics_sitenote_category":0,"footnotes":""},"categories":[1],"tags":[8711,13910,1200,1648,13909,9490,13908,13301],"_links":{"self":[{"href":"https:\/\/www.cinemaup.com.br\/en\/wp-json\/wp\/v2\/posts\/71912"}],"collection":[{"href":"https:\/\/www.cinemaup.com.br\/en\/wp-json\/wp\/v2\/posts"}],"about":[{"href":"https:\/\/www.cinemaup.com.br\/en\/wp-json\/wp\/v2\/types\/post"}],"author":[{"embeddable":true,"href":"https:\/\/www.cinemaup.com.br\/en\/wp-json\/wp\/v2\/users\/46"}],"replies":[{"embeddable":true,"href":"https:\/\/www.cinemaup.com.br\/en\/wp-json\/wp\/v2\/comments?post=71912"}],"version-history":[{"count":6,"href":"https:\/\/www.cinemaup.com.br\/en\/wp-json\/wp\/v2\/posts\/71912\/revisions"}],"predecessor-version":[{"id":71936,"href":"https:\/\/www.cinemaup.com.br\/en\/wp-json\/wp\/v2\/posts\/71912\/revisions\/71936"}],"wp:featuredmedia":[{"embeddable":true,"href":"https:\/\/www.cinemaup.com.br\/en\/wp-json\/wp\/v2\/media\/71920"}],"wp:attachment":[{"href":"https:\/\/www.cinemaup.com.br\/en\/wp-json\/wp\/v2\/media?parent=71912"}],"wp:term":[{"taxonomy":"category","embeddable":true,"href":"https:\/\/www.cinemaup.com.br\/en\/wp-json\/wp\/v2\/categories?post=71912"},{"taxonomy":"post_tag","embeddable":true,"href":"https:\/\/www.cinemaup.com.br\/en\/wp-json\/wp\/v2\/tags?post=71912"}],"curies":[{"name":"wp","href":"https:\/\/api.w.org\/{rel}","templated":true}]}}