{"id":72088,"date":"2018-02-19T18:17:51","date_gmt":"2018-02-19T21:17:51","guid":{"rendered":"http:\/\/supercinemaup.com\/?p=72088"},"modified":"2018-02-19T17:03:28","modified_gmt":"2018-02-19T20:03:28","slug":"diretores-fotografia-vencedores-asc-awards-2018","status":"publish","type":"post","link":"https:\/\/www.cinemaup.com.br\/en\/diretores-fotografia-vencedores-asc-awards-2018\/","title":{"rendered":"Sindicado dos Diretores de Fotografia revela os vencedores do ASC Awards 2018"},"content":{"rendered":"<p>[et_pb_section admin_label=&#8221;section&#8221;][et_pb_row admin_label=&#8221;row&#8221;][et_pb_column type=&#8221;4_4&#8243;][et_pb_text admin_label=&#8221;Texto&#8221; background_layout=&#8221;light&#8221; text_orientation=&#8221;justified&#8221; use_border_color=&#8221;off&#8221; border_color=&#8221;#ffffff&#8221; border_style=&#8221;solid&#8221;]<\/p>\n<p>O\u00a0<strong>Sindicado dos Diretores de Fotografia <\/strong>divulgou a lista dos vencedores do\u00a0<strong>ASC Awards 2018<\/strong>. Confira abaixo.<\/p>\n<p><em><strong>Cinema<\/strong><\/em><\/p>\n<p><strong>Melhor Filme:<\/strong><\/p>\n<p>Roger Deakins por <a href=\"http:\/\/supercinemaup.com\/blade-runner-2049-e-a-busca-por-relacoes-e-momentos-reais\/\" target=\"_blank\" rel=\"noopener\">&#8220;Blade Runner 2049&#8221;<\/a><\/p>\n<p><strong>Pr\u00eamio de Destaque:<\/strong><\/p>\n<p>Mart Taniel por &#8220;November&#8221;<\/p>\n<p><em><strong>TV<\/strong><\/em><\/p>\n<p><strong>Melhor Epis\u00f3dio de S\u00e9rie de TV n\u00e3o Comercial:<\/strong><\/p>\n<p>Adriano Goldman pelo epis\u00f3dio \u201cSmoke and Mirrors\u201d de &#8220;The Crown&#8221;<\/p>\n<p><strong>Melhor Epis\u00f3dio de S\u00e9rie de TV Comercial:<\/strong><\/p>\n<p>David Greene pelo epis\u00f3dio &#8220;Mother&#8221; de &#8220;12 Monkeys&#8221;<\/p>\n<p>&nbsp;<\/p>\n<p><strong>Melhor Filme para TV, Miniss\u00e9rie ou Epis\u00f3dio Piloto:<\/strong><\/p>\n<p>&nbsp;<\/p>\n<p>Mathias Herndl pelo epis\u00f3dio&#8221;Chapter 1&#8243; de <a href=\"http:\/\/supercinemaup.com\/genius-mini-serie-vida-albert-einstein\/\" target=\"_blank\" rel=\"noopener\">&#8220;Genius&#8221;<\/a><\/p>\n<p>&nbsp;<\/p>\n<p>[\/et_pb_text][\/et_pb_column][\/et_pb_row][\/et_pb_section]<\/p>","protected":false},"excerpt":{"rendered":"<p>A premia\u00e7\u00e3o aconteceu no s\u00e1bado (17).<\/p>","protected":false},"author":46,"featured_media":25100,"comment_status":"closed","ping_status":"open","sticky":false,"template":"","format":"standard","meta":{"_exactmetrics_skip_tracking":false,"_exactmetrics_sitenote_active":false,"_exactmetrics_sitenote_note":"","_exactmetrics_sitenote_category":0,"footnotes":""},"categories":[1,9066],"tags":[14024,14021,14020,9490,14023,14022],"_links":{"self":[{"href":"https:\/\/www.cinemaup.com.br\/en\/wp-json\/wp\/v2\/posts\/72088"}],"collection":[{"href":"https:\/\/www.cinemaup.com.br\/en\/wp-json\/wp\/v2\/posts"}],"about":[{"href":"https:\/\/www.cinemaup.com.br\/en\/wp-json\/wp\/v2\/types\/post"}],"author":[{"embeddable":true,"href":"https:\/\/www.cinemaup.com.br\/en\/wp-json\/wp\/v2\/users\/46"}],"replies":[{"embeddable":true,"href":"https:\/\/www.cinemaup.com.br\/en\/wp-json\/wp\/v2\/comments?post=72088"}],"version-history":[{"count":4,"href":"https:\/\/www.cinemaup.com.br\/en\/wp-json\/wp\/v2\/posts\/72088\/revisions"}],"predecessor-version":[{"id":72092,"href":"https:\/\/www.cinemaup.com.br\/en\/wp-json\/wp\/v2\/posts\/72088\/revisions\/72092"}],"wp:featuredmedia":[{"embeddable":true,"href":"https:\/\/www.cinemaup.com.br\/en\/wp-json\/wp\/v2\/media\/25100"}],"wp:attachment":[{"href":"https:\/\/www.cinemaup.com.br\/en\/wp-json\/wp\/v2\/media?parent=72088"}],"wp:term":[{"taxonomy":"category","embeddable":true,"href":"https:\/\/www.cinemaup.com.br\/en\/wp-json\/wp\/v2\/categories?post=72088"},{"taxonomy":"post_tag","embeddable":true,"href":"https:\/\/www.cinemaup.com.br\/en\/wp-json\/wp\/v2\/tags?post=72088"}],"curies":[{"name":"wp","href":"https:\/\/api.w.org\/{rel}","templated":true}]}}