{"id":72170,"date":"2018-02-22T13:00:59","date_gmt":"2018-02-22T16:00:59","guid":{"rendered":"http:\/\/supercinemaup.com\/?p=72170"},"modified":"2018-02-22T12:41:37","modified_gmt":"2018-02-22T15:41:37","slug":"mark-hamill-estrela-calcada-da-fama","status":"publish","type":"post","link":"https:\/\/www.cinemaup.com.br\/en\/mark-hamill-estrela-calcada-da-fama\/","title":{"rendered":"Mark Hamill receber\u00e1 estrela na Cal\u00e7ada da Fama"},"content":{"rendered":"<p>[et_pb_section admin_label=&#8221;section&#8221;][et_pb_row admin_label=&#8221;row&#8221;][et_pb_column type=&#8221;4_4&#8243;][et_pb_text admin_label=&#8221;Texto&#8221; background_layout=&#8221;light&#8221; text_orientation=&#8221;justified&#8221; use_border_color=&#8221;off&#8221; border_color=&#8221;#ffffff&#8221; border_style=&#8221;solid&#8221;]<\/p>\n<p>O ator <strong>Mark Hamill<\/strong>, conhecido por interpretar <strong>Luke Skywalker<\/strong> na saga <strong>&#8220;Star Wars&#8221;<\/strong>, ir\u00e1 receber uma estrela na <strong>Cal\u00e7ada da Fama<\/strong> em Hollywood.<\/p>\n<p>A cerim\u00f4nia acontecer\u00e1 no dia 8 de mar\u00e7o e ter\u00e1 a presen\u00e7a de\u00a0<strong>George Lucas<\/strong>,\u00a0<strong>Harrison Ford<\/strong>\u00a0e do\u00a0presidente da C\u00e2mara de Com\u00e9rcio de Hollywood,\u00a0<strong>Leron Gruber<\/strong>.<\/p>\n<p><em>&#8220;F\u00e3s de Star Wars ficar\u00e3o felizes demais em saber que seu \u00eddolo Mark Hamill ser\u00e1 honrado com uma estrela. Estamos orgulhosos de receber este ator extraordin\u00e1rio na nossa Cal\u00e7ada da Fama hist\u00f3rica&#8221;<\/em>, disse <strong>Ana Martinez<\/strong>, produtora de cerim\u00f4nias da Cal\u00e7ada da Fama, em declara\u00e7\u00e3o.<\/p>\n<p>[\/et_pb_text][\/et_pb_column][\/et_pb_row][\/et_pb_section]<\/p>","protected":false},"excerpt":{"rendered":"<p>O ator \u00e9 o 2.630\u00ba nome a ser adicionado \u00e0 Cal\u00e7ada.<\/p>","protected":false},"author":46,"featured_media":72171,"comment_status":"closed","ping_status":"open","sticky":false,"template":"","format":"standard","meta":{"_exactmetrics_skip_tracking":false,"_exactmetrics_sitenote_active":false,"_exactmetrics_sitenote_note":"","_exactmetrics_sitenote_category":0,"footnotes":""},"categories":[1],"tags":[14084,5826,14081,14082,4898,545,14083,7816,5090,2436,9490],"_links":{"self":[{"href":"https:\/\/www.cinemaup.com.br\/en\/wp-json\/wp\/v2\/posts\/72170"}],"collection":[{"href":"https:\/\/www.cinemaup.com.br\/en\/wp-json\/wp\/v2\/posts"}],"about":[{"href":"https:\/\/www.cinemaup.com.br\/en\/wp-json\/wp\/v2\/types\/post"}],"author":[{"embeddable":true,"href":"https:\/\/www.cinemaup.com.br\/en\/wp-json\/wp\/v2\/users\/46"}],"replies":[{"embeddable":true,"href":"https:\/\/www.cinemaup.com.br\/en\/wp-json\/wp\/v2\/comments?post=72170"}],"version-history":[{"count":1,"href":"https:\/\/www.cinemaup.com.br\/en\/wp-json\/wp\/v2\/posts\/72170\/revisions"}],"predecessor-version":[{"id":72172,"href":"https:\/\/www.cinemaup.com.br\/en\/wp-json\/wp\/v2\/posts\/72170\/revisions\/72172"}],"wp:featuredmedia":[{"embeddable":true,"href":"https:\/\/www.cinemaup.com.br\/en\/wp-json\/wp\/v2\/media\/72171"}],"wp:attachment":[{"href":"https:\/\/www.cinemaup.com.br\/en\/wp-json\/wp\/v2\/media?parent=72170"}],"wp:term":[{"taxonomy":"category","embeddable":true,"href":"https:\/\/www.cinemaup.com.br\/en\/wp-json\/wp\/v2\/categories?post=72170"},{"taxonomy":"post_tag","embeddable":true,"href":"https:\/\/www.cinemaup.com.br\/en\/wp-json\/wp\/v2\/tags?post=72170"}],"curies":[{"name":"wp","href":"https:\/\/api.w.org\/{rel}","templated":true}]}}