{"id":72223,"date":"2018-02-23T18:00:21","date_gmt":"2018-02-23T21:00:21","guid":{"rendered":"http:\/\/supercinemaup.com\/?p=72223"},"modified":"2018-02-23T16:26:40","modified_gmt":"2018-02-23T19:26:40","slug":"diretor-os-simpsons-primeiros-esbocos-abertura","status":"publish","type":"post","link":"https:\/\/www.cinemaup.com.br\/en\/diretor-os-simpsons-primeiros-esbocos-abertura\/","title":{"rendered":"Diretor de &#8220;Os Simpsons&#8221; mostra primeiros esbo\u00e7os da cl\u00e1ssica abertura da s\u00e9rie"},"content":{"rendered":"<p>[et_pb_section admin_label=&#8221;section&#8221;][et_pb_row admin_label=&#8221;row&#8221;][et_pb_column type=&#8221;4_4&#8243;][et_pb_text admin_label=&#8221;Texto&#8221; background_layout=&#8221;light&#8221; text_orientation=&#8221;justified&#8221; use_border_color=&#8221;off&#8221; border_color=&#8221;#ffffff&#8221; border_style=&#8221;solid&#8221;]<\/p>\n<p>Hoje (23), o diretor\u00a0<strong>David Silverman<\/strong> divulgou atrav\u00e9s do seu perfil no <em>Twitter<\/em>, um dos primeiros esbo\u00e7os que eles fez para a abertura dos <strong>&#8220;Simpsons&#8221;<\/strong>, a qual com certeza \u00e9 uma das mais ic\u00f4nicas e marcantes da TV.<\/p>\n<p>[\/et_pb_text][\/et_pb_column][\/et_pb_row][et_pb_row admin_label=&rdquo;Linha&rdquo;][et_pb_column type=&rdquo;4_4&Prime;][et_pb_code admin_label=&rdquo;C&oacute;digo&rdquo;]&lt;blockquote class=&quot;&rdquo;twitter-tweet&rdquo;&quot; data-lang=&quot;&rdquo;pt&rdquo;&quot;&gt;&lt;p lang=&quot;&rdquo;en&rdquo;&quot; dir=&quot;&rdquo;ltr&rdquo;&quot;&gt;This has to be the earliest sketches I made for the Simpsons opening title. Circa May 1989, in a meeting with Matt Groening and Sam Simon. Notes are fairly intelligible, tho they were only meant for the 1989 me. The 2018 me doesn&amp;#39;t recall everything. &lt;a href=&quot;\/en\/&rdquo;https:\/\/t.co\/pX0bLvt9Hf&rdquo;\/&quot;&gt;pic.twitter.com\/pX0bLvt9Hf&lt;\/a&gt;&lt;\/p&gt;&amp;mdash; David Silverman (@tubatron) &lt;a href=&quot;\/en\/&rdquo;https:\/\/twitter.com\/tubatron\/status\/967070709292851200\/?ref_src=twsrc^tfw&rdquo;&quot;&gt;23 de fevereiro de 2018&lt;\/a&gt;&lt;\/blockquote&gt;&lt;!&ndash; [et_pb_line_break_holder] &ndash;&gt;&lt;script async src=&quot;&rdquo;https:\/\/platform.twitter.com\/widgets.js&rdquo;&quot; charset=&quot;&rdquo;utf-8&Prime;&quot;&gt;&lt;\/script&gt;&lt;!&ndash; [et_pb_line_break_holder] &ndash;&gt;[\/et_pb_code][et_pb_text admin_label=&rdquo;Texto&rdquo; background_layout=&rdquo;light&rdquo; text_orientation=&rdquo;justified&rdquo; use_border_color=&rdquo;off&rdquo; border_color=&rdquo;#ffffff&rdquo; border_style=&rdquo;solid&rdquo;]<\/p>\n<p><em>&#8220;Este deve ser um dos primeiros esbo\u00e7os que fiz para os cr\u00e9ditos de abertura dos &#8216;Simpsons&#8217;. Por volta de maio de 1989, em uma reuni\u00e3o com Matt Groening e Sam Simon. As notas s\u00e3o bastante intelig\u00edveis, elas s\u00f3 eram destinadas para o eu de 1989. O 2018 n\u00e3o lembra de tudo&#8221;<\/em><\/p>\n<p>[\/et_pb_text][\/et_pb_column][\/et_pb_row][\/et_pb_section]<\/p>","protected":false},"excerpt":{"rendered":"<p>A s\u00e9rie conta com 29 temporadas.<\/p>","protected":false},"author":46,"featured_media":25853,"comment_status":"closed","ping_status":"open","sticky":false,"template":"","format":"standard","meta":{"_exactmetrics_skip_tracking":false,"_exactmetrics_sitenote_active":false,"_exactmetrics_sitenote_note":"","_exactmetrics_sitenote_category":0,"footnotes":""},"categories":[1],"tags":[14124,14123,2744,14125,5874,14126,3205,9490],"_links":{"self":[{"href":"https:\/\/www.cinemaup.com.br\/en\/wp-json\/wp\/v2\/posts\/72223"}],"collection":[{"href":"https:\/\/www.cinemaup.com.br\/en\/wp-json\/wp\/v2\/posts"}],"about":[{"href":"https:\/\/www.cinemaup.com.br\/en\/wp-json\/wp\/v2\/types\/post"}],"author":[{"embeddable":true,"href":"https:\/\/www.cinemaup.com.br\/en\/wp-json\/wp\/v2\/users\/46"}],"replies":[{"embeddable":true,"href":"https:\/\/www.cinemaup.com.br\/en\/wp-json\/wp\/v2\/comments?post=72223"}],"version-history":[{"count":2,"href":"https:\/\/www.cinemaup.com.br\/en\/wp-json\/wp\/v2\/posts\/72223\/revisions"}],"predecessor-version":[{"id":72225,"href":"https:\/\/www.cinemaup.com.br\/en\/wp-json\/wp\/v2\/posts\/72223\/revisions\/72225"}],"wp:featuredmedia":[{"embeddable":true,"href":"https:\/\/www.cinemaup.com.br\/en\/wp-json\/wp\/v2\/media\/25853"}],"wp:attachment":[{"href":"https:\/\/www.cinemaup.com.br\/en\/wp-json\/wp\/v2\/media?parent=72223"}],"wp:term":[{"taxonomy":"category","embeddable":true,"href":"https:\/\/www.cinemaup.com.br\/en\/wp-json\/wp\/v2\/categories?post=72223"},{"taxonomy":"post_tag","embeddable":true,"href":"https:\/\/www.cinemaup.com.br\/en\/wp-json\/wp\/v2\/tags?post=72223"}],"curies":[{"name":"wp","href":"https:\/\/api.w.org\/{rel}","templated":true}]}}