{"id":72257,"date":"2018-02-26T16:00:14","date_gmt":"2018-02-26T19:00:14","guid":{"rendered":"http:\/\/supercinemaup.com\/?p=72257"},"modified":"2018-02-26T15:48:40","modified_gmt":"2018-02-26T18:48:40","slug":"ralph-quebra-a-internet-detona-ralph-2-primeiro-poster-animado","status":"publish","type":"post","link":"https:\/\/www.cinemaup.com.br\/en\/ralph-quebra-a-internet-detona-ralph-2-primeiro-poster-animado\/","title":{"rendered":"\u201cRalph Quebra a Internet: Detona Ralph 2\u201d ganha seu primeiro p\u00f4ster animado"},"content":{"rendered":"<p>[et_pb_section admin_label=&#8221;section&#8221;][et_pb_row admin_label=&#8221;row&#8221;][et_pb_column type=&#8221;4_4&#8243;][et_pb_text admin_label=&#8221;Texto&#8221; background_layout=&#8221;light&#8221; text_orientation=&#8221;justified&#8221; use_border_color=&#8221;off&#8221; border_color=&#8221;#ffffff&#8221; border_style=&#8221;solid&#8221;]<\/p>\n<p>Na \u00faltima segunda-feira (26), a <strong>Disney<\/strong> divulgou um p\u00f4ster animado da anima\u00e7\u00e3o\u00a0<strong>\u201cRalph Quebra a Internet: Detona Ralph 2\u201d<\/strong>, dirigido por<strong> Rich Moore <\/strong>e<strong>\u00a0Phillip Johnston<\/strong>.<\/p>\n<p>[\/et_pb_text][\/et_pb_column][\/et_pb_row][et_pb_row admin_label=&rdquo;Linha&rdquo;][et_pb_column type=&rdquo;4_4&Prime;][et_pb_code admin_label=&rdquo;C&oacute;digo&rdquo;]&lt;blockquote class=&quot;&rdquo;twitter-video&rdquo;&quot; data-lang=&quot;&rdquo;pt&rdquo;&quot;&gt;&lt;p lang=&quot;&rdquo;en&rdquo;&quot; dir=&quot;&rdquo;ltr&rdquo;&quot;&gt;He did it \u2198\ufe0f\u2b07\ufe0f\u2199\ufe0f &lt;a href=&quot;\/en\/&rdquo;https:\/\/twitter.com\/hashtag\/RalphBreakstheInternet\/?src=hash&amp;amp;ref_src=twsrc^tfw&rdquo;&quot;&gt;#RalphBreakstheInternet&lt;\/a&gt; &lt;a href=&quot;\/en\/&rdquo;https:\/\/t.co\/VBheFBzc2R&rdquo;\/&quot;&gt;pic.twitter.com\/VBheFBzc2R&lt;\/a&gt;&lt;\/p&gt;&amp;mdash; Wreck-It Ralph (@wreckitralph) &lt;a href=&quot;\/en\/&rdquo;https:\/\/twitter.com\/wreckitralph\/status\/968168809340157952\/?ref_src=twsrc^tfw&rdquo;&quot;&gt;26 de fevereiro de 2018&lt;\/a&gt;&lt;\/blockquote&gt;&lt;!&ndash; [et_pb_line_break_holder] &ndash;&gt;&lt;script async src=&quot;&rdquo;https:\/\/platform.twitter.com\/widgets.js&rdquo;&quot; charset=&quot;&rdquo;utf-8&Prime;&quot;&gt;&lt;\/script&gt;&lt;!&ndash; [et_pb_line_break_holder] &ndash;&gt;[\/et_pb_code][\/et_pb_column][\/et_pb_row][et_pb_row admin_label=&rdquo;Linha&rdquo;][et_pb_column type=&rdquo;4_4&Prime;][et_pb_text admin_label=&rdquo;Texto&rdquo; background_layout=&rdquo;light&rdquo; text_orientation=&rdquo;justified&rdquo; use_border_color=&rdquo;off&rdquo; border_color=&rdquo;#ffffff&rdquo; border_style=&rdquo;solid&rdquo;]<\/p>\n<p>Lan\u00e7ado em 2012, o primeiro filme conta a hist\u00f3ria de\u00a0Ralph, que est\u00e1 cansado de ser desprezado no seu pr\u00f3prio jogo de fliperama. Para ganhar a aten\u00e7\u00e3o do her\u00f3i Felix e todos os outros personagens, o vil\u00e3o tem um plano e sai em busca de uma medalha, com a inten\u00e7\u00e3o de provar o seu valor.<\/p>\n<p><a href=\"http:\/\/supercinemaup.com\/datas-estreias-filme-disney\/\" target=\"_blank\" rel=\"noopener\"><strong>\u00a0\u201cDetona\u00a0Ralph 2\u201d<\/strong>\u00a0estreia dia 21 de novembro.<\/a><\/p>\n<p>[\/et_pb_text][\/et_pb_column][\/et_pb_row][\/et_pb_section]<\/p>","protected":false},"excerpt":{"rendered":"<p>A sequ\u00eancia estreia ainda esse ano.<\/p>","protected":false},"author":46,"featured_media":30821,"comment_status":"closed","ping_status":"open","sticky":false,"template":"","format":"standard","meta":{"_exactmetrics_skip_tracking":false,"_exactmetrics_sitenote_active":false,"_exactmetrics_sitenote_note":"","_exactmetrics_sitenote_category":0,"footnotes":""},"categories":[1],"tags":[492,10459,14136,14135,8637,9490],"_links":{"self":[{"href":"https:\/\/www.cinemaup.com.br\/en\/wp-json\/wp\/v2\/posts\/72257"}],"collection":[{"href":"https:\/\/www.cinemaup.com.br\/en\/wp-json\/wp\/v2\/posts"}],"about":[{"href":"https:\/\/www.cinemaup.com.br\/en\/wp-json\/wp\/v2\/types\/post"}],"author":[{"embeddable":true,"href":"https:\/\/www.cinemaup.com.br\/en\/wp-json\/wp\/v2\/users\/46"}],"replies":[{"embeddable":true,"href":"https:\/\/www.cinemaup.com.br\/en\/wp-json\/wp\/v2\/comments?post=72257"}],"version-history":[{"count":2,"href":"https:\/\/www.cinemaup.com.br\/en\/wp-json\/wp\/v2\/posts\/72257\/revisions"}],"predecessor-version":[{"id":72259,"href":"https:\/\/www.cinemaup.com.br\/en\/wp-json\/wp\/v2\/posts\/72257\/revisions\/72259"}],"wp:featuredmedia":[{"embeddable":true,"href":"https:\/\/www.cinemaup.com.br\/en\/wp-json\/wp\/v2\/media\/30821"}],"wp:attachment":[{"href":"https:\/\/www.cinemaup.com.br\/en\/wp-json\/wp\/v2\/media?parent=72257"}],"wp:term":[{"taxonomy":"category","embeddable":true,"href":"https:\/\/www.cinemaup.com.br\/en\/wp-json\/wp\/v2\/categories?post=72257"},{"taxonomy":"post_tag","embeddable":true,"href":"https:\/\/www.cinemaup.com.br\/en\/wp-json\/wp\/v2\/tags?post=72257"}],"curies":[{"name":"wp","href":"https:\/\/api.w.org\/{rel}","templated":true}]}}