{"id":72456,"date":"2018-04-03T13:48:38","date_gmt":"2018-04-03T16:48:38","guid":{"rendered":"http:\/\/supercinemaup.com\/?p=72456"},"modified":"2018-04-03T13:51:49","modified_gmt":"2018-04-03T16:51:49","slug":"dos-criadores-de-invocacao-do-mal-e-anabelle-exorcismos-em-demonios-chega-em-breve-aos-cinemas","status":"publish","type":"post","link":"https:\/\/www.cinemaup.com.br\/en\/dos-criadores-de-invocacao-do-mal-e-anabelle-exorcismos-em-demonios-chega-em-breve-aos-cinemas\/","title":{"rendered":"Dos criadores de Invoca\u00e7\u00e3o do Mal e Anabelle, &#8220;Exorcismos em Dem\u00f4nios&#8221; chega em breve aos cinemas"},"content":{"rendered":"<p>[et_pb_section admin_label=&#8221;section&#8221;][et_pb_row admin_label=&#8221;row&#8221;][et_pb_column type=&#8221;4_4&#8243;][et_pb_text admin_label=&#8221;Texto&#8221; background_layout=&#8221;light&#8221; text_orientation=&#8221;justified&#8221; use_border_color=&#8221;off&#8221; border_color=&#8221;#ffffff&#8221; border_style=&#8221;solid&#8221;]<\/p>\n<p style=\"font-weight: 400;\">O novo terror dos criadores de <strong>&#8220;Invoca\u00e7\u00e3o do Mal&#8221;<\/strong> e <strong>&#8220;Anabelle&#8221;<\/strong>, traz uma obra baseada em uma hist\u00f3ria real de um padre sentenciado \u00e0 pris\u00e3o ap\u00f3s a morte de uma freira, da qual foi praticado um exorcismo. Com toda como\u00e7\u00e3o da m\u00eddia e popula\u00e7\u00e3o, uma jornalista investiga se o padre cometeu assassinado em uma mulher doente ou combateu uma presen\u00e7a demon\u00edaca.<\/p>\n<p style=\"font-weight: 400;\">A chegada de &#8220;Invoca\u00e7\u00e3o do Mal&#8221; nos dava a esperan\u00e7a de filmes de terror terem uma profundidade do medo e do horror muito maior do que est\u00e1vamos acompanhando depois dos excelentes de <strong>&#8220;A Bruxa de Blair&#8221;<\/strong> ou <strong>&#8220;O Exorcismo de Emily Rose&#8221;<\/strong>. Mas como um efeito cascata, temos mais uma grande produ\u00e7\u00e3o para uma cole\u00e7\u00e3o de filmes esquec\u00edveis, e <strong>&#8220;Exorcismos e Dem\u00f4nios&#8221;<\/strong> n\u00e3o \u00e9 diferente, previs\u00edvel, catalisador do mais gen\u00e9rico terror. Temos aqui o comum de cada m\u00eas no cinema de horror.<\/p>\n<p style=\"font-weight: 400;\">Calma, nem tudo \u00e9 de t\u00e3o mal na obra, alguns momentos &#8211; pronunciados pela trilha sonora \u2013 s\u00e3o bem executados, como algumas tomadas bonitas da cidade dos acontecimentos na Hungria, alguns sustos funcionam, mas com o passar do tempo se repara que o susto v\u00eam muito mais do som do que da imagem, a apreens\u00e3o logo da lugar ao conforto com a cena, e se pensar que voc\u00ea est\u00e1 de frente para o dem\u00f4nio e se sente confort\u00e1vel, em um filme de terror, de fato algo est\u00e1 errado.<\/p>\n<p style=\"font-weight: 400;\">Medo \u00e9 um estado de efeito dado pela consci\u00eancia na presen\u00e7a de perigo, talvez a informa\u00e7\u00e3o dos fatos reais nos letreiros iniciais, sejam o que de fato vai causar a ansiedade de alerta em certas cenas no p\u00fablico, mas o peso do pren\u00fancio n\u00e3o \u00e9 o mesmo da chegada do mesmo, logo que vemos o que dev\u00edamos temer, ficamos tranquilos, pelos efeitos pouco pr\u00e1ticos e muito digitais e pela atua\u00e7\u00e3o econ\u00f4mica do elenco. A amea\u00e7a n\u00e3o \u00e9 sentida como retratada, a dire\u00e7\u00e3o pesa em momentos cruciais onde dev\u00edamos ver mais o sobrenatural do que susto com cachorros ou pessoas olhando pela janela.<\/p>\n<p>&nbsp;<\/p>\n<p>[\/et_pb_text][et_pb_image admin_label=&#8221;Imagem&#8221; src=&#8221;http:\/\/supercinemaup.com\/wp-content\/uploads\/2018\/04\/tcm_20767.jpg&#8221; show_in_lightbox=&#8221;off&#8221; url_new_window=&#8221;off&#8221; use_overlay=&#8221;off&#8221; animation=&#8221;off&#8221; sticky=&#8221;off&#8221; align=&#8221;center&#8221; force_fullwidth=&#8221;off&#8221; always_center_on_mobile=&#8221;on&#8221; use_border_color=&#8221;off&#8221; border_color=&#8221;#ffffff&#8221; border_style=&#8221;solid&#8221;] [\/et_pb_image][et_pb_text admin_label=&#8221;Texto&#8221; background_layout=&#8221;light&#8221; text_orientation=&#8221;justified&#8221; use_border_color=&#8221;off&#8221; border_color=&#8221;#ffffff&#8221; border_style=&#8221;solid&#8221;]<\/p>\n<p>&nbsp;<\/p>\n<p style=\"font-weight: 400;\">Susto\u00a0\u00e9 uma a\u00e7\u00e3o biol\u00f3gica que ocorre quando uma pessoa v\u00ea ou ouve algo inesperado. Pois \u00e9, a surpresa \u00e9 algo deixado de lado, tanto roteiro, como tomadas de decis\u00f5es dos personagens deixam o filme com aquele gosto de j\u00e1 vi isso em cont\u00e1veis filmes, e melhor. A perca de grandes possibilidades \u00e9 dada em momentos em que o filme poderia potencializar com um dire\u00e7\u00e3o melhor pensada. Exemplo:<\/p>\n<p style=\"font-weight: 400;\"><strong>Spoiler Alert:<\/strong><\/p>\n<p style=\"font-weight: 400;\">A protagonista foge de uma presen\u00e7a amea\u00e7adora no que se encontra no seu carro e corre pra um milharal, na noite, sem ningu\u00e9m por perto, que o que acontece? Nada.<\/p>\n<p style=\"font-weight: 400;\"><strong>Continuando sem spoilers.<\/strong><\/p>\n<p style=\"font-weight: 400;\">O roteiro nos for\u00e7a a finalizar a hist\u00f3ria o quanto antes, sem espera para criarmos empatia sobre a hist\u00f3ria, as vitimas e com o medo. Cria\u00e7\u00e3o de rela\u00e7\u00f5es que n\u00e3o nos levam a lugar algum, podemos at\u00e9 for\u00e7ar a mente de forma caridosa e pensar que essas rela\u00e7\u00f5es s\u00e3o tenta\u00e7\u00f5es pelo pecado, mas como fun\u00e7\u00e3o narrativa, tais decis\u00f5es n\u00e3os nos levam a nada.<\/p>\n<p style=\"font-weight: 400;\">E virou uma moda desenfreada de todo novo trailer de filme de terror, temos a promessa de ser algo aterrorizante, como &#8221;o mais assustador, o mais pesado, perturbador e etc&#8221;&#8230; A busca do clique nos d\u00e1 um press\u00e1gio de que as palavras devem revelar a obra mais do que o \u00e1udio e o visual. O que esperamos de um filme de terror, deve dar combust\u00edvel para j\u00e1 formalizarmos em nossas cabe\u00e7as, de que o que vamos ver \u00e9 algo nunca visto. E <strong>&#8220;Exorcismos e Dem\u00f4nios&#8221;<\/strong> n\u00e3o \u00e9 assim.<\/p>\n<p style=\"font-weight: 400;\">Muito mais como um pipoc\u00e3o e com um esfor\u00e7o, &#8220;Exorcismo e Dem\u00f4nios&#8221; pode ser um bom passatempo para quem quer se sentir acuado em alguns segundos, mas est\u00e1 longe de ser algo como &#8220;Invoca\u00e7\u00e3o do Mal&#8221;.<\/p>\n<p>[\/et_pb_text][\/et_pb_column][\/et_pb_row][\/et_pb_section]<\/p>","protected":false},"excerpt":{"rendered":"<p>Por Victor Ballassa. Muito mais como um pipoc\u00e3o e com um pouco de esfor\u00e7o, Exorcismo e Dem\u00f4nios pode ser um bom passatempo.<\/p>","protected":false},"author":19,"featured_media":72458,"comment_status":"closed","ping_status":"open","sticky":false,"template":"","format":"standard","meta":{"_exactmetrics_skip_tracking":false,"_exactmetrics_sitenote_active":false,"_exactmetrics_sitenote_note":"","_exactmetrics_sitenote_category":0,"footnotes":""},"categories":[2415,2423],"tags":[14207,11,12,14208],"_links":{"self":[{"href":"https:\/\/www.cinemaup.com.br\/en\/wp-json\/wp\/v2\/posts\/72456"}],"collection":[{"href":"https:\/\/www.cinemaup.com.br\/en\/wp-json\/wp\/v2\/posts"}],"about":[{"href":"https:\/\/www.cinemaup.com.br\/en\/wp-json\/wp\/v2\/types\/post"}],"author":[{"embeddable":true,"href":"https:\/\/www.cinemaup.com.br\/en\/wp-json\/wp\/v2\/users\/19"}],"replies":[{"embeddable":true,"href":"https:\/\/www.cinemaup.com.br\/en\/wp-json\/wp\/v2\/comments?post=72456"}],"version-history":[{"count":4,"href":"https:\/\/www.cinemaup.com.br\/en\/wp-json\/wp\/v2\/posts\/72456\/revisions"}],"predecessor-version":[{"id":72462,"href":"https:\/\/www.cinemaup.com.br\/en\/wp-json\/wp\/v2\/posts\/72456\/revisions\/72462"}],"wp:featuredmedia":[{"embeddable":true,"href":"https:\/\/www.cinemaup.com.br\/en\/wp-json\/wp\/v2\/media\/72458"}],"wp:attachment":[{"href":"https:\/\/www.cinemaup.com.br\/en\/wp-json\/wp\/v2\/media?parent=72456"}],"wp:term":[{"taxonomy":"category","embeddable":true,"href":"https:\/\/www.cinemaup.com.br\/en\/wp-json\/wp\/v2\/categories?post=72456"},{"taxonomy":"post_tag","embeddable":true,"href":"https:\/\/www.cinemaup.com.br\/en\/wp-json\/wp\/v2\/tags?post=72456"}],"curies":[{"name":"wp","href":"https:\/\/api.w.org\/{rel}","templated":true}]}}