{"id":72713,"date":"2018-06-07T22:13:06","date_gmt":"2018-06-08T01:13:06","guid":{"rendered":"http:\/\/supercinemaup.com\/?p=72713"},"modified":"2018-06-07T22:13:06","modified_gmt":"2018-06-08T01:13:06","slug":"cinepe-confira-os-premiados","status":"publish","type":"post","link":"https:\/\/www.cinemaup.com.br\/en\/cinepe-confira-os-premiados\/","title":{"rendered":"CinePE | Confira os premiados"},"content":{"rendered":"<p>[et_pb_section admin_label=&#8221;section&#8221;][et_pb_row admin_label=&#8221;row&#8221;][et_pb_column type=&#8221;4_4&#8243;][et_pb_text admin_label=&#8221;Texto&#8221; background_layout=&#8221;light&#8221; text_orientation=&#8221;justified&#8221; use_border_color=&#8221;off&#8221; border_color=&#8221;#ffffff&#8221; border_style=&#8221;solid&#8221;]<\/p>\n<p>Ap\u00f3s a noite de encerramento acontecida ontem \u00e9 poss\u00edvel fazer um balan\u00e7o do que aconteceu nesse CinePE, que ap\u00f3s um ano conturbado mostrou uma vontade de renova\u00e7\u00e3o, de abrir portas para tem\u00e1ticas, formas, assuntos e debates que colocam o festival num curso daquilo que realmente \u00e9 debatido hoje no cinema.<br \/>\nSe viu durante esses cinco ou seis dias de festival uma abertura aos mais variados fazeres cinematogr\u00e1ficos, daquilo que busca as maiores formas autorais, mas tamb\u00e9m aqueles que dialogam com formatos populares e mais cl\u00e1ssicos, constituindo, assim, uma sele\u00e7\u00e3o bastante ecl\u00e9tica que n\u00e3o se resumiu a um s\u00f3 tipo de filme. Ver, por exemplo, um filme de excessos e v\u00edsceras como \u201cOs Pr\u00edncipes\u201d, de Luiz Rosemberg Filho, logo ap\u00f3s um dia de abertura marcado pela exibi\u00e7\u00e3o de \u201cMulheres Alteradas\u201d, com\u00e9dia repleta de atores globais, com apelo e forma popular. Essa t\u00f4nica se deu ao decorrer do festival, contrastando filmes que dialogavam a partir das suas diferen\u00e7as.<br \/>\nAlgo bastante visto na diversificada sele\u00e7\u00e3o de curtas, onde tem\u00e1ticas semelhantes foram abordadas de formas extremamente diferentes, dando um olhar amplo sobre v\u00e1rios assuntos. A programa\u00e7\u00e3o foi em diversas vezes brilhantes, fazendo com que as obras ganhassem um corpo numa noite que costumava ter por volta de sete filmes numa noite entre longas e curtas. Assistir o curta \u201cUniverso Preto Paralelo\u201d e \u201cPeripat\u00e9tico\u201d juntos foi uma forma de ver respostas audiovisuais ao racismo e \u00e0 viol\u00eancia institucionalizada por caminhos completamente opostos, dialogando com uma vontade de tomar as regras do jogo. Ou o curta, \u201cVidas Cinzas\u201d, de Leonardo Martinelli, falso document\u00e1rio que conta a indigna\u00e7\u00e3o social ao retirarem a cor do Rio de Janeiro, terminar com o hino da Independ\u00eancia, mesma m\u00fasica que inicia o document\u00e1rio de den\u00fancia e pautado pela viol\u00eancia real da pol\u00edcia militar, \u201cMarcha Cega\u201d de Bruno di Giacomo.<br \/>\nA edi\u00e7\u00e3o do CinePE ainda sinalizou uma forte vontade de dialogar com o p\u00fablico, sem necessariamente entender que isso resulte numa sele\u00e7\u00e3o mais rasteira ou coisa do tipo, todavia a narrativa de Henfil, grande vencedor da noite, \u00e9 o grande exemplo dessa quest\u00e3o. Narrativa politicamente importante, de resgate de um grande s\u00edmbolo cultural nacional, com momentos divertidos e de di\u00e1logos com uma nova gera\u00e7\u00e3o, n\u00e3o \u00e0 toa vence p\u00fablico e j\u00fari. O document\u00e1rio informativo bem realizado, tanto tecnicamente quanto na sua cria\u00e7\u00e3o tem seu valor reconhecido, embora demonstre algo um tanto quanto esperado, aproximando esse pr\u00eamio de um cinema acolhido pelo povo tamb\u00e9m.<br \/>\nSe os grandes vencedores da noite foram cariocas, \u201cHenfil\u201d e \u201cOs Pr\u00edncipes\u201d colecionaram a maioria dos pr\u00eamios, o festival tamb\u00e9m demonstrou uma vontade pela diversidade regional. Uma necessidade de abrir portas a regi\u00f5es sem uma constante de produ\u00e7\u00e3o, que ainda precisam crescer em quantitativamente para conseguirem habitar mais salas e festivais de cinema. Claro que a qualidade das obras sempre \u00e9 importante, no entanto, \u00e9 necess\u00e1rio que esse espa\u00e7o exista para que o cinema cres\u00e7a nessas regi\u00f5es, festivais s\u00e3o pontos de encontro e de trocas e a conviv\u00eancia gera um cinema muito mais maduro. Maturidade demonstrada justamente por um filme de Goi\u00e1s, o forte \u201cDias Vazios\u201d, filme que com certeza mexeu com a plateia do Cinema S\u00e3o Luiz, demonstrando uma completa compreens\u00e3o dos aparatos cinematogr\u00e1ficos para provocar emo\u00e7\u00f5es e reflex\u00f5es.<br \/>\n\u00c9 bem verdade que a necess\u00e1ria mudan\u00e7a de datas por causa da greve teve algumas consequ\u00eancias indesejadas, como a exibi\u00e7\u00e3o de dois longas seguidos nas duas primeiras noites de competitiva. Mas este \u00e9 um fator al\u00e9m das for\u00e7as do festival, que n\u00e3o p\u00f4de ser parado nem por uma greve de dimens\u00f5es nacionais, o CinePE resiste forte em seis dias de cinema e debates de primeira grandeza. Abaixo lista de vencedores.<\/p>\n<p>MOSTRA COMPETITIVA DE CURTAS-METRAGENS PERNAMBUCANOS<br \/>\nMelhor Filme \u2013 \u201cUma Balada para Rocky Lane\u201d<br \/>\nMelhor Dire\u00e7\u00e3o \u2013 Diego Melo (\u201cSeja Feliz\u201d)<br \/>\nMelhor Roteiro \u2013 Fabio Ock (\u201cSeja Feliz\u201d)<br \/>\nMelhor Fotografia \u2013 Henrique Spencer (\u201cFrequ\u00eancias\u201d)<br \/>\nMelhor Montagem \u2013 Marcos Buccini (\u201cO Consertador de Coisa Mi\u00fadas\u201d)<br \/>\nMelhor Edi\u00e7\u00e3o de Som \u2013 Adalberto Oliveira (\u201cFrequ\u00eancias\u201d)<br \/>\nMelhor Trilha Sonora \u2013 Neilton Carvalho (\u201cO Consertador de Coisas Mi\u00fadas\u201d)<br \/>\nMelhor Dire\u00e7\u00e3o de Arte \u2013 Lia Let\u00edcia (\u201cFrequ\u00eancias\u201d)<br \/>\nMelhor Ator \u2013 Heraldo Carvalho (\u201cEdney\u201d)<br \/>\nMelhor Atriz \u2013 Roberta Mharciana (\u201cCara de Rato\u201d)<\/p>\n<p>MOSTRA COMPETITIVA DE CURTAS-METRAGENS NACIONAIS<br \/>\nMelhor Filme \u2013 \u201cVidas Cinzas\u201d<br \/>\nMelhor Dire\u00e7\u00e3o \u2013 Klaus Hastenreiter (\u201cN\u00e3o Falo com Estranhos\u201d)<br \/>\nMelhor Roteiro \u2013 Rubens Passaro (\u201cUniverso Preto Paralelo\u201d)<br \/>\nMelhor Fotografia \u2013 Ivanildo Machado (\u201cSob o Del\u00edrio de Agosto)<br \/>\nMelhor Montagem \u2013 Pedro de Aquino (\u201cVidas Cinzas\u201d)<br \/>\nMelhor Edi\u00e7\u00e3o de Som \u2013 Rafael Vieira (\u201cAbismo\u201d)<br \/>\nMelhor Trilha Sonora \u2013 Alexsandra Str\u00e9liski e Ludovico Einaudi (\u201cPlantae\u201d)<br \/>\nMelhor Dire\u00e7\u00e3o de Arte \u2013 Rachel Oleksy (\u201cTeodora Quer Dan\u00e7ar\u201d)<br \/>\nMelhor Ator \u2013 Jurandir de Oliveira (\u201cAbismo\u201d)<br \/>\nMelhor Atriz \u2013 Mariana Badan (\u201cTeodora quer Dan\u00e7ar\u201d)<\/p>\n<p>MEN\u00c7\u00d5ES HONROSAS<br \/>\n\u201cMarias\u201d \u2013 Pela relev\u00e2ncia do tema apresentado atrav\u00e9s de depoimentos reais, emocionantes e contundentes.<br \/>\n\u201cPlantae\u201d \u2013 Pela atualidade e import\u00e2ncia do tema abordado lindamente de forma simb\u00f3lica e po\u00e9tica.<br \/>\n\u201cInsone\u201d \u2013 Pela capacidade de s\u00edntese na narra\u00e7\u00e3o em t\u00e3o pouco tempo, de uma hist\u00f3ria de aventura do imagin\u00e1rio infantil.<\/p>\n<p>MOSTRA COMPETITIVA DE LONGAS-METRAGENS:<br \/>\nMelhor Filme \u2013 \u201cHenfil\u201d<br \/>\nMelhor Dire\u00e7\u00e3o \u2013 Angela Zo\u00e9 (\u201cHenfil\u201d)<br \/>\nMelhor Roteiro \u2013 Angela Zo\u00e9 e Gabriela Javier (\u201cHenfil\u201d)<br \/>\nMelhor Fotografia \u2013 Alisson Prodlik (\u201cOs Pr\u00edncipes\u201d)<br \/>\nMelhor Montagem \u2013 Jo\u00e3o Rodrigues e Indira Rodrigues (\u201cHenfil\u201d)<br \/>\nMelhor edi\u00e7\u00e3o de som \u2013 Marcito Vianna (\u201cOs Pr\u00edncipes\u201d)<br \/>\nMelhor Trilha Sonora \u2013 Gustavo Jobim (\u201cOs Pr\u00edncipes\u201d)<br \/>\nMelhor Dire\u00e7\u00e3o de Arte \u2013 Letycia Rossi (\u201cDias Vazios\u201d)<br \/>\nMelhor Ator Coadjuvante \u2013 Tonico Pereira (\u201cOs Pr\u00edncipes\u201d)<br \/>\nMelhor Atriz Coadjuvante \u2013 Carla Ribas (\u201cDias Vazios\u201d)<br \/>\nMelhor Ator \u2013 Ex-Aequo: Igor Cotrim (\u201cOs Pr\u00edncipes\u201d) e Arthur \u00c1vila (\u201cDias Vazios\u201d)<br \/>\nMelhor Atriz \u2013 Patr\u00edcia Niedermeier (\u201cOs Pr\u00edncipes\u201d)<\/p>\n<p>PR\u00caMIO DA CR\u00cdTICA<br \/>\nMelhor Longa-Metragem &#8211; \u201cChristabel\u201d<br \/>\nMelhor Curta Nacional \u2013 \u201cAbismo\u201d<br \/>\nMelhor Curta Pernambuco \u2013 \u201cSeja Feliz\u201d<\/p>\n<p>PR\u00caMIO CANAL BRASIL<br \/>\nMelhor Curta: \u201cUniverso Preto Paralelo\u201d (SP)<\/p>\n<p>&nbsp;<\/p>\n<p>[\/et_pb_text][\/et_pb_column][\/et_pb_row][\/et_pb_section]<\/p>","protected":false},"excerpt":{"rendered":"<p>Festival pernambucano de 2018 consagra &#8220;Henfil&#8221;.<\/p>","protected":false},"author":50,"featured_media":72714,"comment_status":"closed","ping_status":"open","sticky":false,"template":"","format":"standard","meta":{"_exactmetrics_skip_tracking":false,"_exactmetrics_sitenote_active":false,"_exactmetrics_sitenote_note":"","_exactmetrics_sitenote_category":0,"footnotes":""},"categories":[1,2421,2422,9067,2423],"tags":[],"_links":{"self":[{"href":"https:\/\/www.cinemaup.com.br\/en\/wp-json\/wp\/v2\/posts\/72713"}],"collection":[{"href":"https:\/\/www.cinemaup.com.br\/en\/wp-json\/wp\/v2\/posts"}],"about":[{"href":"https:\/\/www.cinemaup.com.br\/en\/wp-json\/wp\/v2\/types\/post"}],"author":[{"embeddable":true,"href":"https:\/\/www.cinemaup.com.br\/en\/wp-json\/wp\/v2\/users\/50"}],"replies":[{"embeddable":true,"href":"https:\/\/www.cinemaup.com.br\/en\/wp-json\/wp\/v2\/comments?post=72713"}],"version-history":[{"count":2,"href":"https:\/\/www.cinemaup.com.br\/en\/wp-json\/wp\/v2\/posts\/72713\/revisions"}],"predecessor-version":[{"id":72716,"href":"https:\/\/www.cinemaup.com.br\/en\/wp-json\/wp\/v2\/posts\/72713\/revisions\/72716"}],"wp:featuredmedia":[{"embeddable":true,"href":"https:\/\/www.cinemaup.com.br\/en\/wp-json\/wp\/v2\/media\/72714"}],"wp:attachment":[{"href":"https:\/\/www.cinemaup.com.br\/en\/wp-json\/wp\/v2\/media?parent=72713"}],"wp:term":[{"taxonomy":"category","embeddable":true,"href":"https:\/\/www.cinemaup.com.br\/en\/wp-json\/wp\/v2\/categories?post=72713"},{"taxonomy":"post_tag","embeddable":true,"href":"https:\/\/www.cinemaup.com.br\/en\/wp-json\/wp\/v2\/tags?post=72713"}],"curies":[{"name":"wp","href":"https:\/\/api.w.org\/{rel}","templated":true}]}}